{"id":68291,"date":"2025-11-17T15:35:00","date_gmt":"2025-11-17T12:35:00","guid":{"rendered":"https:\/\/www.egemtv.com\/?p=68291"},"modified":"2025-11-17T15:35:00","modified_gmt":"2025-11-17T12:35:00","slug":"mugla-sitki-kocman-universitesinde-premature-bebeklerin-yasam-yolculugu-paneli-duzenlendi","status":"publish","type":"post","link":"https:\/\/www.egemtv.com\/?p=68291","title":{"rendered":"Mu\u011fla S\u0131tk\u0131 Ko\u00e7man \u00dcniversitesi\u2019nde &#8220;Premat\u00fcre Bebeklerin Ya\u015fam Yolculu\u011fu&#8221; paneli d\u00fczenlendi"},"content":{"rendered":"<p>Mu\u011fla S\u0131tk\u0131 Ko\u00e7man \u00dcniversitesi (MSK\u00dc), 17 Kas\u0131m D\u00fcnya Premat\u00fcre G\u00fcn\u00fc kapsam\u0131nda &#8220;Premat\u00fcre Bebeklerin Ya\u015fam Yolculu\u011fu: Fark\u0131ndal\u0131k ve Destek Yakla\u015f\u0131mlar\u0131&#8221; ba\u015fl\u0131kl\u0131 \u00f6nemli bir panel d\u00fczenledi.<\/p>\n<p>Panel, MSK\u00dc Atat\u00fcrk K\u00fclt\u00fcr Merkezi C Salonu\u2019nda ger\u00e7ekle\u015ftirildi. Etkinli\u011fe, premat\u00fcre bebeklerin zorlu ya\u015fam m\u00fccadelesine dikkat \u00e7ekmek, ailelere destek olmak ve sa\u011fl\u0131k \u00e7al\u0131\u015fanlar\u0131n\u0131n \u00f6zverili \u00e7al\u0131\u015fmalar\u0131n\u0131 onurland\u0131rmak amac\u0131yla \u00e7ok say\u0131da kat\u0131l\u0131mc\u0131 i\u015ftirak etti.<\/p>\n<p>Panelde konu\u015fma yapan Mu\u011fla E\u011fitim ve Ara\u015ft\u0131rma Hastanesi Ba\u015fhekimi Prof. Dr. Ethem Acar, a\u00e7\u0131l\u0131\u015f konu\u015fmas\u0131nda premat\u00fcre bebeklerin m\u00fccadelesine vurgu yaparak, &#8220;Bug\u00fcn burada, hayat m\u00fccadelesine biraz daha erken ba\u015flam\u0131\u015f ancak ger\u00e7ekten g\u00fc\u00e7l\u00fc bir m\u00fccadele veren \u00e7ocuklar\u0131m\u0131z\u0131; onlar\u0131n bu \u00e7etin yolunda hem stres ve s\u0131k\u0131nt\u0131lar\u0131yla, hem de onlara bakmakla zorlanan ailelerimizi ve asl\u0131nda bu i\u015fin g\u00f6r\u00fcnmez kahramanlar\u0131 olan sa\u011fl\u0131k \u00e7al\u0131\u015fanlar\u0131m\u0131z\u0131, e\u011fitimcilerimizi ve hem\u015firelerimizi onurland\u0131rmak i\u00e7in bir araya geldik&#8221; dedi.<\/p>\n<p>Prof. Dr. Acar, premat\u00fcre bebek bak\u0131m\u0131n\u0131n sadece teknik bir hastane i\u015fi olmad\u0131\u011f\u0131n\u0131, ayn\u0131 zamanda &#8220;t\u00fcm sa\u011fl\u0131k sisteminin insana ve insanl\u0131\u011fa verece\u011fi de\u011ferlerle alakal\u0131&#8221; oldu\u011funu belirtti.<\/p>\n<p>Hastanenin yenido\u011fan \u00fcnitesi ve premat\u00fcre bebek bak\u0131m\u0131n\u0131 g\u00fc\u00e7lendirme \u00e7abalar\u0131na de\u011finen Ba\u015fhekim Acar, bu s\u00fcre\u00e7teki en b\u00fcy\u00fck eme\u011fin sa\u011fl\u0131k \u00e7al\u0131\u015fanlar\u0131na ait oldu\u011funu ifade etti. Sa\u011fl\u0131k \u00e7al\u0131\u015fanlar\u0131n\u0131n &#8220;birer sessiz kahraman&#8221; oldu\u011funu, gecelerini g\u00fcnd\u00fczlerine katarak \u00e7al\u0131\u015ft\u0131klar\u0131n\u0131, premat\u00fcre \u00e7ocuklar\u0131n ald\u0131klar\u0131 her bir nefesi bir zafer olarak de\u011ferlendirdiklerini s\u00f6yledi.<\/p>\n<p>Prof. Dr. Acar, t\u00fcm sa\u011fl\u0131k \u00e7al\u0131\u015fanlar\u0131na \u015f\u00fckranlar\u0131n\u0131 sunarak, bu panelin hem fark\u0131ndal\u0131\u011f\u0131 art\u0131rmas\u0131n\u0131 hem de \u00e7ocuklar\u0131n gelece\u011fi i\u00e7in daha g\u00fczel ad\u0131mlar at\u0131lmas\u0131na vesile olmas\u0131n\u0131 temenni etti.<\/p>\n<p>Konu\u015fmalar\u0131n arkas\u0131ndan Do\u00e7. Dr. \u00d6zkan \u0130lhan, Uzm. Dr. \u0130pek Kocao\u011flu, Prof. Dr. Gonca Karaya\u011f\u0131z Muslu taraf\u0131ndan sunum ger\u00e7ekle\u015ftirildi.<br \/><\/p>\n","protected":false},"excerpt":{"rendered":"<p>Mu\u011fla S\u0131tk\u0131 Ko\u00e7man \u00dcniversitesi (MSK\u00dc), 17 Kas\u0131m D\u00fcnya Premat\u00fcre G\u00fcn\u00fc kapsam\u0131nda &#8220;Premat\u00fcre Bebeklerin Ya\u015fam Yolculu\u011fu: Fark\u0131ndal\u0131k ve Destek Yakla\u015f\u0131mlar\u0131&#8221; ba\u015fl\u0131kl\u0131 \u00f6nemli bir panel d\u00fczenledi. Panel, MSK\u00dc Atat\u00fcrk K\u00fclt\u00fcr Merkezi C Salonu\u2019nda ger\u00e7ekle\u015ftirildi. Etkinli\u011fe, premat\u00fcre bebeklerin zorlu ya\u015fam m\u00fccadelesine dikkat \u00e7ekmek, ailelere destek olmak ve sa\u011fl\u0131k \u00e7al\u0131\u015fanlar\u0131n\u0131n \u00f6zverili \u00e7al\u0131\u015fmalar\u0131n\u0131 onurland\u0131rmak amac\u0131yla \u00e7ok say\u0131da kat\u0131l\u0131mc\u0131 i\u015ftirak etti&#8230;.<\/p>\n","protected":false},"author":1,"featured_media":68292,"comment_status":"open","ping_status":"open","sticky":false,"template":"","format":"standard","meta":{"_crdt_document":"","footnotes":""},"categories":[2],"tags":[],"class_list":["post-68291","post","type-post","status-publish","format-standard","has-post-thumbnail","hentry","category-saglik"],"_links":{"self":[{"href":"https:\/\/www.egemtv.com\/index.php?rest_route=\/wp\/v2\/posts\/68291","targetHints":{"allow":["GET"]}}],"collection":[{"href":"https:\/\/www.egemtv.com\/index.php?rest_route=\/wp\/v2\/posts"}],"about":[{"href":"https:\/\/www.egemtv.com\/index.php?rest_route=\/wp\/v2\/types\/post"}],"author":[{"embeddable":true,"href":"https:\/\/www.egemtv.com\/index.php?rest_route=\/wp\/v2\/users\/1"}],"replies":[{"embeddable":true,"href":"https:\/\/www.egemtv.com\/index.php?rest_route=%2Fwp%2Fv2%2Fcomments&post=68291"}],"version-history":[{"count":1,"href":"https:\/\/www.egemtv.com\/index.php?rest_route=\/wp\/v2\/posts\/68291\/revisions"}],"predecessor-version":[{"id":68293,"href":"https:\/\/www.egemtv.com\/index.php?rest_route=\/wp\/v2\/posts\/68291\/revisions\/68293"}],"wp:featuredmedia":[{"embeddable":true,"href":"https:\/\/www.egemtv.com\/index.php?rest_route=\/wp\/v2\/media\/68292"}],"wp:attachment":[{"href":"https:\/\/www.egemtv.com\/index.php?rest_route=%2Fwp%2Fv2%2Fmedia&parent=68291"}],"wp:term":[{"taxonomy":"category","embeddable":true,"href":"https:\/\/www.egemtv.com\/index.php?rest_route=%2Fwp%2Fv2%2Fcategories&post=68291"},{"taxonomy":"post_tag","embeddable":true,"href":"https:\/\/www.egemtv.com\/index.php?rest_route=%2Fwp%2Fv2%2Ftags&post=68291"}],"curies":[{"name":"wp","href":"https:\/\/api.w.org\/{rel}","templated":true}]}}