{"id":68288,"date":"2025-11-17T15:34:59","date_gmt":"2025-11-17T12:34:59","guid":{"rendered":"https:\/\/www.egemtv.com\/?p=68288"},"modified":"2025-11-17T15:34:59","modified_gmt":"2025-11-17T12:34:59","slug":"mentesede-ayni-gun-uc-acilis","status":"publish","type":"post","link":"https:\/\/www.egemtv.com\/?p=68288","title":{"rendered":"Mente\u015fe\u2019de ayn\u0131 g\u00fcn \u00fc\u00e7 a\u00e7\u0131l\u0131\u015f"},"content":{"rendered":"<p>Mente\u015fe Belediyesi, \u00d6zel G\u00fcne\u015f G\u00fcnd\u00fcz Bak\u0131mevi, Teknoloji ve Gen\u00e7lik Merkezi ile K\u00f6tekli Kent Lokantas\u0131\u2019n\u0131n resmi a\u00e7\u0131l\u0131\u015flar\u0131n\u0131 19 Kas\u0131m 2025 \u00c7ar\u015famba g\u00fcn\u00fc ger\u00e7ekle\u015ftirecek.<br \/>\n<br \/>Mente\u015fe Belediye Ba\u015fkan\u0131 Gonca K\u00f6ksal Aras a\u00e7\u0131l\u0131\u015flar ile ilgili yapt\u0131\u011f\u0131 a\u00e7\u0131klamada, &#8220;Mente\u015fe Belediyesi olarak halk\u0131m\u0131za dokunan projelere imza atmaya devam ediyoruz.  19 Kas\u0131m tarihinde yapaca\u011f\u0131m\u0131z a\u00e7\u0131l\u0131\u015flar\u0131m\u0131za t\u00fcm halk\u0131m\u0131z\u0131 bekliyoruz. &#8221; dedi.<br \/>\n<br \/>\u00d6zel G\u00fcne\u015f G\u00fcnd\u00fcz bak\u0131mevi<br \/>\n<br \/>\u0130lk a\u00e7\u0131l\u0131\u015f saat 16.30\u2019da Bay\u0131r Mahallesi\u2019ndeki \u00d6zel G\u00fcne\u015f G\u00fcnd\u00fcz Bak\u0131mevinde yap\u0131lacak.<br \/>\n<br \/>Sevgi dolu e\u011fitim anlay\u0131\u015f\u0131yla hizmet verecek bak\u0131mevi, 26-65 ayl\u0131k \u00e7ocuklar i\u00e7in \u00f6zel olarak tasarland\u0131. G\u00fcvenli, ula\u015f\u0131labilir ve modern bir e\u011fitim ortam\u0131 sunan kre\u015f; geni\u015f s\u0131n\u0131flar\u0131, oyun alanlar\u0131 ve nitelikli \u00f6\u011fretmen kadrosuyla \u00e7ocuklara \u00e7a\u011fda\u015f bir geli\u015fim ortam\u0131 sa\u011flayacak.<br \/>\n<br \/>Teknoloji ve Gen\u00e7lik Merkezi<br \/>\n<br \/>Saat 18.00\u2019de ise Kent Meydan\u0131\u2019nda &#8220;Teknoloji ve Gen\u00e7lik Merkezi&#8221; a\u00e7\u0131l\u0131\u015f\u0131 yap\u0131lacak.<br \/>\n<br \/>Gen\u00e7lere teknolojiye eri\u015fim ve \u00fcretim imk\u00e2n\u0131 sunacak merkezde; ortak \u00e7al\u0131\u015fma alan\u0131, sanal ger\u00e7eklik deneyim odas\u0131, 3D Print &amp; Maker Lab ve dijital i\u00e7erik \u00fcretim st\u00fcdyosu yer al\u0131yor. Merkez, gen\u00e7lerin proje geli\u015ftirebilece\u011fi, dijital beceriler kazanabilece\u011fi ve yenilik\u00e7i bir bulu\u015fma noktas\u0131 olacak.<br \/>\n<br \/>K\u00f6tekli Kent Lokantas\u0131<br \/>\n<br \/>H\u00e2lihaz\u0131rda hizmet vermeye devam eden K\u00f6tekli Kent Lokantas\u0131\u2019n\u0131n resmi a\u00e7\u0131l\u0131\u015f\u0131 ise saat 19.30\u2019da yap\u0131lacak. MSK\u00dc yerle\u015fkesinin bulundu\u011fu ve \u00fcniversite \u00f6\u011frencilerinin yo\u011fun olarak ya\u015fad\u0131\u011f\u0131 K\u00f6tekli\u2019deki kent lokantas\u0131, uygun fiyatl\u0131 ve sa\u011fl\u0131kl\u0131 yemekleri ile hizmet veriyor.<br \/>\n<br \/>Ba\u015fkan K\u00f6ksal Aras\u2019tan halka davet<br \/>\n<br \/>Mente\u015fe Belediye Ba\u015fkan\u0131 Gonca K\u00f6ksal Aras, 19 Kas\u0131m\u2019da yap\u0131lacak \u00fc\u00e7 a\u00e7\u0131l\u0131\u015fa t\u00fcm vatanda\u015flar\u0131 davet ederek, &#8220;\u00c7ocuklar\u0131m\u0131z i\u00e7in g\u00fcvenli huzurlu bir e\u011fitim ortam\u0131, gen\u00e7lerimiz i\u00e7in teknolojiye eri\u015fim imk\u00e2n\u0131, \u00f6\u011frencilerimiz i\u00e7in ise sa\u011fl\u0131kl\u0131 ve uygun fiyatl\u0131 bir sofran\u0131n resmi a\u00e7\u0131l\u0131\u015f\u0131n\u0131 ayn\u0131 g\u00fcnde yap\u0131yoruz. Bu heyecan\u0131 birlikte payla\u015fmak i\u00e7in t\u00fcm halk\u0131m\u0131z\u0131 a\u00e7\u0131l\u0131\u015flar\u0131m\u0131za bekliyoruz&#8221; dedi.<br \/><\/p>\n","protected":false},"excerpt":{"rendered":"<p>Mente\u015fe Belediyesi, \u00d6zel G\u00fcne\u015f G\u00fcnd\u00fcz Bak\u0131mevi, Teknoloji ve Gen\u00e7lik Merkezi ile K\u00f6tekli Kent Lokantas\u0131\u2019n\u0131n resmi a\u00e7\u0131l\u0131\u015flar\u0131n\u0131 19 Kas\u0131m 2025 \u00c7ar\u015famba g\u00fcn\u00fc ger\u00e7ekle\u015ftirecek. Mente\u015fe Belediye Ba\u015fkan\u0131 Gonca K\u00f6ksal Aras a\u00e7\u0131l\u0131\u015flar ile ilgili yapt\u0131\u011f\u0131 a\u00e7\u0131klamada, &#8220;Mente\u015fe Belediyesi olarak halk\u0131m\u0131za dokunan projelere imza atmaya devam ediyoruz. 19 Kas\u0131m tarihinde yapaca\u011f\u0131m\u0131z a\u00e7\u0131l\u0131\u015flar\u0131m\u0131za t\u00fcm halk\u0131m\u0131z\u0131 bekliyoruz. &#8221; dedi. \u00d6zel G\u00fcne\u015f&#8230;<\/p>\n","protected":false},"author":1,"featured_media":68289,"comment_status":"open","ping_status":"open","sticky":false,"template":"","format":"standard","meta":{"_crdt_document":"","footnotes":""},"categories":[1],"tags":[],"class_list":["post-68288","post","type-post","status-publish","format-standard","has-post-thumbnail","hentry","category-guncel"],"_links":{"self":[{"href":"https:\/\/www.egemtv.com\/index.php?rest_route=\/wp\/v2\/posts\/68288","targetHints":{"allow":["GET"]}}],"collection":[{"href":"https:\/\/www.egemtv.com\/index.php?rest_route=\/wp\/v2\/posts"}],"about":[{"href":"https:\/\/www.egemtv.com\/index.php?rest_route=\/wp\/v2\/types\/post"}],"author":[{"embeddable":true,"href":"https:\/\/www.egemtv.com\/index.php?rest_route=\/wp\/v2\/users\/1"}],"replies":[{"embeddable":true,"href":"https:\/\/www.egemtv.com\/index.php?rest_route=%2Fwp%2Fv2%2Fcomments&post=68288"}],"version-history":[{"count":1,"href":"https:\/\/www.egemtv.com\/index.php?rest_route=\/wp\/v2\/posts\/68288\/revisions"}],"predecessor-version":[{"id":68290,"href":"https:\/\/www.egemtv.com\/index.php?rest_route=\/wp\/v2\/posts\/68288\/revisions\/68290"}],"wp:featuredmedia":[{"embeddable":true,"href":"https:\/\/www.egemtv.com\/index.php?rest_route=\/wp\/v2\/media\/68289"}],"wp:attachment":[{"href":"https:\/\/www.egemtv.com\/index.php?rest_route=%2Fwp%2Fv2%2Fmedia&parent=68288"}],"wp:term":[{"taxonomy":"category","embeddable":true,"href":"https:\/\/www.egemtv.com\/index.php?rest_route=%2Fwp%2Fv2%2Fcategories&post=68288"},{"taxonomy":"post_tag","embeddable":true,"href":"https:\/\/www.egemtv.com\/index.php?rest_route=%2Fwp%2Fv2%2Ftags&post=68288"}],"curies":[{"name":"wp","href":"https:\/\/api.w.org\/{rel}","templated":true}]}}