{"id":68282,"date":"2025-11-17T15:34:57","date_gmt":"2025-11-17T12:34:57","guid":{"rendered":"https:\/\/www.egemtv.com\/?p=68282"},"modified":"2025-11-17T15:34:58","modified_gmt":"2025-11-17T12:34:58","slug":"baskan-cercioglu-ile-ata-tohumlari-gelecek-nesillere-tasiniyor","status":"publish","type":"post","link":"https:\/\/www.egemtv.com\/?p=68282","title":{"rendered":"Ba\u015fkan \u00c7er\u00e7io\u011flu ile Ata Tohumlar\u0131 gelecek nesillere ta\u015f\u0131n\u0131yor"},"content":{"rendered":"<p>Ayd\u0131n B\u00fcy\u00fck\u015fehir Belediyesi, Ata Tohumlar\u0131n\u0131n korunmas\u0131 ve gelecek nesillere aktar\u0131lmas\u0131 i\u00e7in ba\u015flatt\u0131\u011f\u0131 \u00e7al\u0131\u015fmalar\u0131n\u0131 s\u00fcrd\u00fcr\u00fcyor.<\/p>\n<p>B\u00fcy\u00fck\u015fehir Belediyesi\u2019ne ait fidanl\u0131klarda tamamen Ata Tohumlar\u0131ndan \u00fcretilen fideler, kentin d\u00f6rt bir yan\u0131nda vatanda\u015flarla bulu\u015fturuluyor. \u00c7al\u0131\u015fmalar kapsam\u0131nda Ko\u00e7arl\u0131 il\u00e7esinde k\u0131\u015fl\u0131k fide da\u011f\u0131t\u0131m\u0131 ger\u00e7ekle\u015ftirildi. Da\u011f\u0131t\u0131ma vatanda\u015flar da yo\u011fun ilgi g\u00f6sterdi. Ata Tohumlar\u0131ndan \u00fcretilen fideleri alan Ko\u00e7arl\u0131l\u0131lar, kendi bah\u00e7elerinde sa\u011fl\u0131kl\u0131, do\u011fal ve g\u00fcvenilir \u00fcr\u00fcn yeti\u015ftirmenin mutlulu\u011funu ya\u015fad\u0131klar\u0131n\u0131 belirterek, Ayd\u0131n B\u00fcy\u00fck\u015fehir Belediye Ba\u015fkan\u0131 \u00d6zlem \u00c7er\u00e7io\u011flu\u2019na te\u015fekk\u00fcrlerini iletti.<\/p>\n<p>Ba\u015fkan \u00c7er\u00e7io\u011flu, fide da\u011f\u0131t\u0131mlar\u0131n\u0131n devam edece\u011fini belirtti ve &#8220;Ata Tohumlar\u0131 gelece\u011fimizin g\u00fcvencesidir. Her bir fideyi vatanda\u015flar\u0131m\u0131zla bulu\u015fturuyor, topra\u011f\u0131m\u0131za olan sevgimizi payla\u015f\u0131yoruz. Bu miras\u0131 ya\u015fatmak ve Ayd\u0131n\u2019\u0131n bereketini halk\u0131m\u0131zla payla\u015fmak i\u00e7in \u00e7al\u0131\u015fmalar\u0131m\u0131z\u0131 s\u00fcrd\u00fcrece\u011fiz&#8221; ifadelerini kulland\u0131.<br \/><\/p>\n","protected":false},"excerpt":{"rendered":"<p>Ayd\u0131n B\u00fcy\u00fck\u015fehir Belediyesi, Ata Tohumlar\u0131n\u0131n korunmas\u0131 ve gelecek nesillere aktar\u0131lmas\u0131 i\u00e7in ba\u015flatt\u0131\u011f\u0131 \u00e7al\u0131\u015fmalar\u0131n\u0131 s\u00fcrd\u00fcr\u00fcyor. B\u00fcy\u00fck\u015fehir Belediyesi\u2019ne ait fidanl\u0131klarda tamamen Ata Tohumlar\u0131ndan \u00fcretilen fideler, kentin d\u00f6rt bir yan\u0131nda vatanda\u015flarla bulu\u015fturuluyor. \u00c7al\u0131\u015fmalar kapsam\u0131nda Ko\u00e7arl\u0131 il\u00e7esinde k\u0131\u015fl\u0131k fide da\u011f\u0131t\u0131m\u0131 ger\u00e7ekle\u015ftirildi. Da\u011f\u0131t\u0131ma vatanda\u015flar da yo\u011fun ilgi g\u00f6sterdi. Ata Tohumlar\u0131ndan \u00fcretilen fideleri alan Ko\u00e7arl\u0131l\u0131lar, kendi bah\u00e7elerinde sa\u011fl\u0131kl\u0131, do\u011fal ve g\u00fcvenilir&#8230;<\/p>\n","protected":false},"author":1,"featured_media":68283,"comment_status":"open","ping_status":"open","sticky":false,"template":"","format":"standard","meta":{"_crdt_document":"","footnotes":""},"categories":[1],"tags":[],"class_list":["post-68282","post","type-post","status-publish","format-standard","has-post-thumbnail","hentry","category-guncel"],"_links":{"self":[{"href":"https:\/\/www.egemtv.com\/index.php?rest_route=\/wp\/v2\/posts\/68282","targetHints":{"allow":["GET"]}}],"collection":[{"href":"https:\/\/www.egemtv.com\/index.php?rest_route=\/wp\/v2\/posts"}],"about":[{"href":"https:\/\/www.egemtv.com\/index.php?rest_route=\/wp\/v2\/types\/post"}],"author":[{"embeddable":true,"href":"https:\/\/www.egemtv.com\/index.php?rest_route=\/wp\/v2\/users\/1"}],"replies":[{"embeddable":true,"href":"https:\/\/www.egemtv.com\/index.php?rest_route=%2Fwp%2Fv2%2Fcomments&post=68282"}],"version-history":[{"count":1,"href":"https:\/\/www.egemtv.com\/index.php?rest_route=\/wp\/v2\/posts\/68282\/revisions"}],"predecessor-version":[{"id":68284,"href":"https:\/\/www.egemtv.com\/index.php?rest_route=\/wp\/v2\/posts\/68282\/revisions\/68284"}],"wp:featuredmedia":[{"embeddable":true,"href":"https:\/\/www.egemtv.com\/index.php?rest_route=\/wp\/v2\/media\/68283"}],"wp:attachment":[{"href":"https:\/\/www.egemtv.com\/index.php?rest_route=%2Fwp%2Fv2%2Fmedia&parent=68282"}],"wp:term":[{"taxonomy":"category","embeddable":true,"href":"https:\/\/www.egemtv.com\/index.php?rest_route=%2Fwp%2Fv2%2Fcategories&post=68282"},{"taxonomy":"post_tag","embeddable":true,"href":"https:\/\/www.egemtv.com\/index.php?rest_route=%2Fwp%2Fv2%2Ftags&post=68282"}],"curies":[{"name":"wp","href":"https:\/\/api.w.org\/{rel}","templated":true}]}}