{"id":68279,"date":"2025-11-17T15:34:56","date_gmt":"2025-11-17T12:34:56","guid":{"rendered":"https:\/\/www.egemtv.com\/?p=68279"},"modified":"2025-11-17T15:34:57","modified_gmt":"2025-11-17T12:34:57","slug":"mugla-buyuksehir-kizilaya-kan-bagisi-destegini-mentesede-baslatti","status":"publish","type":"post","link":"https:\/\/www.egemtv.com\/?p=68279","title":{"rendered":"Mu\u011fla B\u00fcy\u00fck\u015fehir, K\u0131z\u0131lay\u2019a kan ba\u011f\u0131\u015f\u0131 deste\u011fini Mente\u015fe\u2019de ba\u015flatt\u0131"},"content":{"rendered":"<p>Mu\u011fla B\u00fcy\u00fck\u015fehir Belediyesi, K\u0131z\u0131lay\u2019\u0131n artan kan ihtiyac\u0131na destek olmak amac\u0131yla 17-21 Kas\u0131m tarihleri aras\u0131nda il genelinde d\u00fczenledi\u011fi kan ba\u011f\u0131\u015f\u0131 kampanyas\u0131n\u0131 Mente\u015fe\u2019de Gazi Mustafa Kemal K\u00fclt\u00fcr Merkezinde ba\u015flatt\u0131.<br \/>\n<br \/>B\u00fcy\u00fck\u015fehir ve il\u00e7e belediyelerinin g\u00f6n\u00fcll\u00fc \u00e7al\u0131\u015fanlar\u0131n\u0131n kat\u0131ld\u0131\u011f\u0131 kampanya, hem fark\u0131ndal\u0131k olu\u015fturmay\u0131 hem de K\u0131z\u0131lay\u2019\u0131n kan stoklar\u0131na katk\u0131 sunmay\u0131 ama\u00e7l\u0131yor. Kampanya, 21 Kas\u0131m\u2019a kadar 6 il\u00e7ede devam edecek.<br \/>\n<br \/>B\u00fcy\u00fck\u015fehir\u2019den yer ve organizasyon deste\u011fi<br \/>\n<br \/>Mu\u011fla B\u00fcy\u00fck\u015fehir Belediyesi, yaln\u0131zca \u00e7al\u0131\u015fanlar\u0131yla ba\u011f\u0131\u015f deste\u011fi vermekle kalmay\u0131p, K\u0131z\u0131lay ekiplerinin rahat \u00e7al\u0131\u015fabilmesi i\u00e7in ba\u011f\u0131\u015f noktalar\u0131nda yer ve organizasyon deste\u011fi de sa\u011fl\u0131yor.<br \/>\n<br \/>Kan ba\u011f\u0131\u015f\u0131 noktalar\u0131 ve tarihleri:<br \/>\n<br \/>18.11.2025 \/ 11:00-18:00 | Bodrum | Konac\u0131k Hizmet Binas\u0131 E\u011fitim Salonu, 18.11.2025 \/ 10:00-18:00 | Marmaris | T\u00fcrkmenistan Park\u0131, 19.11.2025 \/ 10:00-18:00 | Milas | Atapark Meydan\u0131, 20.11.2025 \/ 10:00-18:00 | Ortaca | Eski Devlet Hastanesi Bah\u00e7esi, 21.11.2025 \/ 10:00-18:00 | Fethiye | U\u011fur Mumcu Otopark\u0131 ve 21.11.2025 \/ 10:00-17:00 | Dat\u00e7a | MUSK\u0130 Abone \u0130\u015fleri \u00d6n\u00fc<br \/>\n<br \/>Ba\u015fkan Aras: &#8220;Bir \u00fcnite kan, bir hayata umut demektir&#8221;<br \/>\n<br \/>K\u0131y\u0131 Ege Belediyeler Birli\u011fi ve Mu\u011fla B\u00fcy\u00fck\u015fehir Belediye Ba\u015fkan\u0131 Ahmet Aras, &#8220;K\u0131z\u0131lay\u2019\u0131n kan ihtiyac\u0131na destek olmak hepimizin ortak sorumlulu\u011fudur. Mente\u015fe\u2019den ba\u015flatt\u0131\u011f\u0131m\u0131z bu kampanya ile hem fark\u0131ndal\u0131\u011f\u0131 art\u0131rmay\u0131 hem de kan stoklar\u0131na katk\u0131 sunmay\u0131 istedik. G\u00f6n\u00fcll\u00fc olarak ba\u011f\u0131\u015fta bulunan t\u00fcm \u00e7al\u0131\u015fma arkada\u015flar\u0131ma ve vatanda\u015flar\u0131m\u0131za te\u015fekk\u00fcr ediyorum. Bir \u00fcnite kan, bir hayata umut olabilir. T\u00fcm hem\u015fehrilerimizi kan vermeye davet ediyorum.&#8221; dedi.<br \/><\/p>\n","protected":false},"excerpt":{"rendered":"<p>Mu\u011fla B\u00fcy\u00fck\u015fehir Belediyesi, K\u0131z\u0131lay\u2019\u0131n artan kan ihtiyac\u0131na destek olmak amac\u0131yla 17-21 Kas\u0131m tarihleri aras\u0131nda il genelinde d\u00fczenledi\u011fi kan ba\u011f\u0131\u015f\u0131 kampanyas\u0131n\u0131 Mente\u015fe\u2019de Gazi Mustafa Kemal K\u00fclt\u00fcr Merkezinde ba\u015flatt\u0131. B\u00fcy\u00fck\u015fehir ve il\u00e7e belediyelerinin g\u00f6n\u00fcll\u00fc \u00e7al\u0131\u015fanlar\u0131n\u0131n kat\u0131ld\u0131\u011f\u0131 kampanya, hem fark\u0131ndal\u0131k olu\u015fturmay\u0131 hem de K\u0131z\u0131lay\u2019\u0131n kan stoklar\u0131na katk\u0131 sunmay\u0131 ama\u00e7l\u0131yor. Kampanya, 21 Kas\u0131m\u2019a kadar 6 il\u00e7ede devam edecek. B\u00fcy\u00fck\u015fehir\u2019den&#8230;<\/p>\n","protected":false},"author":1,"featured_media":68280,"comment_status":"open","ping_status":"open","sticky":false,"template":"","format":"standard","meta":{"_crdt_document":"","footnotes":""},"categories":[2],"tags":[],"class_list":["post-68279","post","type-post","status-publish","format-standard","has-post-thumbnail","hentry","category-saglik"],"_links":{"self":[{"href":"https:\/\/www.egemtv.com\/index.php?rest_route=\/wp\/v2\/posts\/68279","targetHints":{"allow":["GET"]}}],"collection":[{"href":"https:\/\/www.egemtv.com\/index.php?rest_route=\/wp\/v2\/posts"}],"about":[{"href":"https:\/\/www.egemtv.com\/index.php?rest_route=\/wp\/v2\/types\/post"}],"author":[{"embeddable":true,"href":"https:\/\/www.egemtv.com\/index.php?rest_route=\/wp\/v2\/users\/1"}],"replies":[{"embeddable":true,"href":"https:\/\/www.egemtv.com\/index.php?rest_route=%2Fwp%2Fv2%2Fcomments&post=68279"}],"version-history":[{"count":1,"href":"https:\/\/www.egemtv.com\/index.php?rest_route=\/wp\/v2\/posts\/68279\/revisions"}],"predecessor-version":[{"id":68281,"href":"https:\/\/www.egemtv.com\/index.php?rest_route=\/wp\/v2\/posts\/68279\/revisions\/68281"}],"wp:featuredmedia":[{"embeddable":true,"href":"https:\/\/www.egemtv.com\/index.php?rest_route=\/wp\/v2\/media\/68280"}],"wp:attachment":[{"href":"https:\/\/www.egemtv.com\/index.php?rest_route=%2Fwp%2Fv2%2Fmedia&parent=68279"}],"wp:term":[{"taxonomy":"category","embeddable":true,"href":"https:\/\/www.egemtv.com\/index.php?rest_route=%2Fwp%2Fv2%2Fcategories&post=68279"},{"taxonomy":"post_tag","embeddable":true,"href":"https:\/\/www.egemtv.com\/index.php?rest_route=%2Fwp%2Fv2%2Ftags&post=68279"}],"curies":[{"name":"wp","href":"https:\/\/api.w.org\/{rel}","templated":true}]}}