{"id":68276,"date":"2025-11-17T15:34:55","date_gmt":"2025-11-17T12:34:55","guid":{"rendered":"https:\/\/www.egemtv.com\/?p=68276"},"modified":"2025-11-17T15:34:56","modified_gmt":"2025-11-17T12:34:56","slug":"soke-devlet-hastanesinden-dunya-diyabet-gunu-etkinligi","status":"publish","type":"post","link":"https:\/\/www.egemtv.com\/?p=68276","title":{"rendered":"S\u00f6ke Devlet Hastanesi\u2019nden D\u00fcnya Diyabet G\u00fcn\u00fc etkinli\u011fi"},"content":{"rendered":"<p>S\u00f6ke Fehime Faik Kocag\u00f6z Devlet Hastanesi, D\u00fcnya Diyabet G\u00fcn\u00fc dolay\u0131s\u0131yla fark\u0131ndal\u0131k etkinli\u011fi d\u00fczenledi.<\/p>\n<p>Diyabet, d\u00fcnya genelinde h\u0131zla artan ve tedavi edilmedi\u011finde bir\u00e7ok organda ciddi hasara yol a\u00e7abilen \u00f6nemli bir kronik hastal\u0131k olmaya devam ediyor. Bu kapsamda S\u00f6ke Fehime Faik Kocag\u00f6z Devlet Hastanesi, D\u00fcnya Diyabet G\u00fcn\u00fc dolay\u0131s\u0131yla fark\u0131ndal\u0131k etkinli\u011fi d\u00fczenledi. Etkinlikte vatanda\u015flara diyabetin belirtileri, korunma y\u00f6ntemleri, sa\u011fl\u0131kl\u0131 beslenme ve d\u00fczenli kontrollerin \u00f6nemi hakk\u0131nda bilgilendirmeler yap\u0131ld\u0131. Hastane sa\u011fl\u0131k \u00e7al\u0131\u015fanlar\u0131, dan\u0131\u015fma noktalar\u0131nda vatanda\u015flara \u00fccretsiz \u00f6l\u00e7\u00fcm ve bilgilendirme hizmeti sundu.<\/p>\n<p>A\u00e7\u0131lan stantta bilgilendirme bro\u015f\u00fcrleri da\u011f\u0131t\u0131l\u0131rken; diyabetin erken te\u015fhis edilmesinin komplikasyonlar\u0131 \u00f6nlemede hayati rol oynad\u0131, ya\u015fam tarz\u0131 ve beslenme al\u0131\u015fkanl\u0131klar\u0131n\u0131n diyabet riskini do\u011frudan etkiledi\u011fine dikkat \u00e7ekildi. Vatanda\u015flar, sa\u011fl\u0131klar\u0131 i\u00e7in d\u00fczenli kontrollerini ihmal etmemeleri konusunda uyar\u0131ld\u0131.<\/p>\n<p>Etkinlik, vatanda\u015flar\u0131n yo\u011fun ilgisiyle ger\u00e7ekle\u015firken hastane yetkilileri benzer fark\u0131ndal\u0131k \u00e7al\u0131\u015fmalar\u0131n\u0131n devam edece\u011fini a\u00e7\u0131klad\u0131.<br \/><\/p>\n","protected":false},"excerpt":{"rendered":"<p>S\u00f6ke Fehime Faik Kocag\u00f6z Devlet Hastanesi, D\u00fcnya Diyabet G\u00fcn\u00fc dolay\u0131s\u0131yla fark\u0131ndal\u0131k etkinli\u011fi d\u00fczenledi. Diyabet, d\u00fcnya genelinde h\u0131zla artan ve tedavi edilmedi\u011finde bir\u00e7ok organda ciddi hasara yol a\u00e7abilen \u00f6nemli bir kronik hastal\u0131k olmaya devam ediyor. Bu kapsamda S\u00f6ke Fehime Faik Kocag\u00f6z Devlet Hastanesi, D\u00fcnya Diyabet G\u00fcn\u00fc dolay\u0131s\u0131yla fark\u0131ndal\u0131k etkinli\u011fi d\u00fczenledi. Etkinlikte vatanda\u015flara diyabetin belirtileri, korunma y\u00f6ntemleri,&#8230;<\/p>\n","protected":false},"author":1,"featured_media":68277,"comment_status":"open","ping_status":"open","sticky":false,"template":"","format":"standard","meta":{"_crdt_document":"","footnotes":""},"categories":[2],"tags":[],"class_list":["post-68276","post","type-post","status-publish","format-standard","has-post-thumbnail","hentry","category-saglik"],"_links":{"self":[{"href":"https:\/\/www.egemtv.com\/index.php?rest_route=\/wp\/v2\/posts\/68276","targetHints":{"allow":["GET"]}}],"collection":[{"href":"https:\/\/www.egemtv.com\/index.php?rest_route=\/wp\/v2\/posts"}],"about":[{"href":"https:\/\/www.egemtv.com\/index.php?rest_route=\/wp\/v2\/types\/post"}],"author":[{"embeddable":true,"href":"https:\/\/www.egemtv.com\/index.php?rest_route=\/wp\/v2\/users\/1"}],"replies":[{"embeddable":true,"href":"https:\/\/www.egemtv.com\/index.php?rest_route=%2Fwp%2Fv2%2Fcomments&post=68276"}],"version-history":[{"count":1,"href":"https:\/\/www.egemtv.com\/index.php?rest_route=\/wp\/v2\/posts\/68276\/revisions"}],"predecessor-version":[{"id":68278,"href":"https:\/\/www.egemtv.com\/index.php?rest_route=\/wp\/v2\/posts\/68276\/revisions\/68278"}],"wp:featuredmedia":[{"embeddable":true,"href":"https:\/\/www.egemtv.com\/index.php?rest_route=\/wp\/v2\/media\/68277"}],"wp:attachment":[{"href":"https:\/\/www.egemtv.com\/index.php?rest_route=%2Fwp%2Fv2%2Fmedia&parent=68276"}],"wp:term":[{"taxonomy":"category","embeddable":true,"href":"https:\/\/www.egemtv.com\/index.php?rest_route=%2Fwp%2Fv2%2Fcategories&post=68276"},{"taxonomy":"post_tag","embeddable":true,"href":"https:\/\/www.egemtv.com\/index.php?rest_route=%2Fwp%2Fv2%2Ftags&post=68276"}],"curies":[{"name":"wp","href":"https:\/\/api.w.org\/{rel}","templated":true}]}}