{"id":68267,"date":"2025-11-17T14:35:38","date_gmt":"2025-11-17T11:35:38","guid":{"rendered":"https:\/\/www.egemtv.com\/?p=68267"},"modified":"2025-11-17T14:35:38","modified_gmt":"2025-11-17T11:35:38","slug":"burdurda-2-katli-evde-yangin-panigi","status":"publish","type":"post","link":"https:\/\/www.egemtv.com\/?p=68267","title":{"rendered":"Burdur\u2019da 2 katl\u0131 evde yang\u0131n pani\u011fi"},"content":{"rendered":"<p>Burdur\u2019da 2 katl\u0131 evde \u00e7\u0131kan yang\u0131n itfaiye ekipleri taraf\u0131ndan kontrol alt\u0131na al\u0131narak s\u00f6nd\u00fcr\u00fcld\u00fc.<br \/>\n<br \/>Yang\u0131n, Burdur merkeze ba\u011fl\u0131 G\u00fcnalan k\u00f6y\u00fcnde bulunan 2 katl\u0131 evde meydana geldi. Edinilen bilgiye g\u00f6re, H.E.\u2019ye ait evde prizde unutulan elektrikli battaniyeden \u00e7\u0131kt\u0131\u011f\u0131 iddia edilen yang\u0131n \u00e7\u0131kt\u0131. Alevleri g\u00f6ren vatanda\u015flar\u0131n ihbar\u0131 \u00fczerine adrese itfaiye ve jandarma ekipleri sevk edildi. Ekipler taraf\u0131ndan yang\u0131n kontrol alt\u0131na al\u0131narak uzun u\u011fra\u015flar sonucu s\u00f6nd\u00fcr\u00fcld\u00fc. Yang\u0131nda ev tamamen kullan\u0131lmaz hale gelirken yang\u0131n\u0131n \u00e7\u0131k\u0131\u015f nedeni ara\u015ft\u0131r\u0131l\u0131yor.<br \/><\/p>\n","protected":false},"excerpt":{"rendered":"<p>Burdur\u2019da 2 katl\u0131 evde \u00e7\u0131kan yang\u0131n itfaiye ekipleri taraf\u0131ndan kontrol alt\u0131na al\u0131narak s\u00f6nd\u00fcr\u00fcld\u00fc. Yang\u0131n, Burdur merkeze ba\u011fl\u0131 G\u00fcnalan k\u00f6y\u00fcnde bulunan 2 katl\u0131 evde meydana geldi. Edinilen bilgiye g\u00f6re, H.E.\u2019ye ait evde prizde unutulan elektrikli battaniyeden \u00e7\u0131kt\u0131\u011f\u0131 iddia edilen yang\u0131n \u00e7\u0131kt\u0131. Alevleri g\u00f6ren vatanda\u015flar\u0131n ihbar\u0131 \u00fczerine adrese itfaiye ve jandarma ekipleri sevk edildi. Ekipler taraf\u0131ndan yang\u0131n&#8230;<\/p>\n","protected":false},"author":1,"featured_media":68268,"comment_status":"open","ping_status":"open","sticky":false,"template":"","format":"standard","meta":{"_crdt_document":"","footnotes":""},"categories":[5],"tags":[],"class_list":["post-68267","post","type-post","status-publish","format-standard","has-post-thumbnail","hentry","category-asayis"],"_links":{"self":[{"href":"https:\/\/www.egemtv.com\/index.php?rest_route=\/wp\/v2\/posts\/68267","targetHints":{"allow":["GET"]}}],"collection":[{"href":"https:\/\/www.egemtv.com\/index.php?rest_route=\/wp\/v2\/posts"}],"about":[{"href":"https:\/\/www.egemtv.com\/index.php?rest_route=\/wp\/v2\/types\/post"}],"author":[{"embeddable":true,"href":"https:\/\/www.egemtv.com\/index.php?rest_route=\/wp\/v2\/users\/1"}],"replies":[{"embeddable":true,"href":"https:\/\/www.egemtv.com\/index.php?rest_route=%2Fwp%2Fv2%2Fcomments&post=68267"}],"version-history":[{"count":1,"href":"https:\/\/www.egemtv.com\/index.php?rest_route=\/wp\/v2\/posts\/68267\/revisions"}],"predecessor-version":[{"id":68269,"href":"https:\/\/www.egemtv.com\/index.php?rest_route=\/wp\/v2\/posts\/68267\/revisions\/68269"}],"wp:featuredmedia":[{"embeddable":true,"href":"https:\/\/www.egemtv.com\/index.php?rest_route=\/wp\/v2\/media\/68268"}],"wp:attachment":[{"href":"https:\/\/www.egemtv.com\/index.php?rest_route=%2Fwp%2Fv2%2Fmedia&parent=68267"}],"wp:term":[{"taxonomy":"category","embeddable":true,"href":"https:\/\/www.egemtv.com\/index.php?rest_route=%2Fwp%2Fv2%2Fcategories&post=68267"},{"taxonomy":"post_tag","embeddable":true,"href":"https:\/\/www.egemtv.com\/index.php?rest_route=%2Fwp%2Fv2%2Ftags&post=68267"}],"curies":[{"name":"wp","href":"https:\/\/api.w.org\/{rel}","templated":true}]}}