{"id":68264,"date":"2025-11-17T14:35:36","date_gmt":"2025-11-17T11:35:36","guid":{"rendered":"https:\/\/www.egemtv.com\/?p=68264"},"modified":"2025-11-17T14:35:38","modified_gmt":"2025-11-17T11:35:38","slug":"yaylada-gorulen-engerek-yilani-merak-ve-korkuya-neden-oldu","status":"publish","type":"post","link":"https:\/\/www.egemtv.com\/?p=68264","title":{"rendered":"Yaylada g\u00f6r\u00fclen engerek y\u0131lan\u0131 merak ve korkuya neden oldu"},"content":{"rendered":"<p>Afyonkarahisar\u2019\u0131n \u015euhut il\u00e7esinde bulunan Orta P\u0131nar yaylas\u0131nda engerek y\u0131lan\u0131 g\u00f6r\u00fcld\u00fc. Yaylada b\u00fcy\u00fckba\u015f hayvan otlatan Ercan \u00c7elik, otlak alanda hareket eden engerek y\u0131lan\u0131n\u0131 fark ederek cep telefonuyla g\u00f6r\u00fcnt\u00fcledi.<br \/>\n<br \/>Ercan \u00c7elik taraf\u0131ndan \u00e7ekilen foto\u011fraflar, sosyal medyada payla\u015f\u0131lmas\u0131n\u0131n ard\u0131ndan k\u0131sa s\u00fcrede b\u00fcy\u00fck ilgi g\u00f6rd\u00fc. Payla\u015f\u0131mlar bir\u00e7ok kullan\u0131c\u0131 taraf\u0131ndan yorumlan\u0131p payla\u015f\u0131l\u0131rken, b\u00f6lgede y\u0131lan g\u00f6r\u00fclmesi vatanda\u015flar aras\u0131nda da merak ve korku uyand\u0131rd\u0131.<br \/>\n<br \/>Yetkililer, engerek y\u0131lanlar\u0131n\u0131n \u00f6zellikle yaz ve sonbahar aylar\u0131nda b\u00f6lgedeki yaylalarda zaman zaman g\u00f6r\u00fclebildi\u011fini, vatanda\u015flar\u0131n bu t\u00fcr durumlarda dikkatli olmalar\u0131 gerekti\u011fini belirtti.<br \/><\/p>\n","protected":false},"excerpt":{"rendered":"<p>Afyonkarahisar\u2019\u0131n \u015euhut il\u00e7esinde bulunan Orta P\u0131nar yaylas\u0131nda engerek y\u0131lan\u0131 g\u00f6r\u00fcld\u00fc. Yaylada b\u00fcy\u00fckba\u015f hayvan otlatan Ercan \u00c7elik, otlak alanda hareket eden engerek y\u0131lan\u0131n\u0131 fark ederek cep telefonuyla g\u00f6r\u00fcnt\u00fcledi. Ercan \u00c7elik taraf\u0131ndan \u00e7ekilen foto\u011fraflar, sosyal medyada payla\u015f\u0131lmas\u0131n\u0131n ard\u0131ndan k\u0131sa s\u00fcrede b\u00fcy\u00fck ilgi g\u00f6rd\u00fc. Payla\u015f\u0131mlar bir\u00e7ok kullan\u0131c\u0131 taraf\u0131ndan yorumlan\u0131p payla\u015f\u0131l\u0131rken, b\u00f6lgede y\u0131lan g\u00f6r\u00fclmesi vatanda\u015flar aras\u0131nda da merak ve&#8230;<\/p>\n","protected":false},"author":1,"featured_media":68265,"comment_status":"open","ping_status":"open","sticky":false,"template":"","format":"standard","meta":{"_crdt_document":"","footnotes":""},"categories":[1],"tags":[],"class_list":["post-68264","post","type-post","status-publish","format-standard","has-post-thumbnail","hentry","category-guncel"],"_links":{"self":[{"href":"https:\/\/www.egemtv.com\/index.php?rest_route=\/wp\/v2\/posts\/68264","targetHints":{"allow":["GET"]}}],"collection":[{"href":"https:\/\/www.egemtv.com\/index.php?rest_route=\/wp\/v2\/posts"}],"about":[{"href":"https:\/\/www.egemtv.com\/index.php?rest_route=\/wp\/v2\/types\/post"}],"author":[{"embeddable":true,"href":"https:\/\/www.egemtv.com\/index.php?rest_route=\/wp\/v2\/users\/1"}],"replies":[{"embeddable":true,"href":"https:\/\/www.egemtv.com\/index.php?rest_route=%2Fwp%2Fv2%2Fcomments&post=68264"}],"version-history":[{"count":1,"href":"https:\/\/www.egemtv.com\/index.php?rest_route=\/wp\/v2\/posts\/68264\/revisions"}],"predecessor-version":[{"id":68266,"href":"https:\/\/www.egemtv.com\/index.php?rest_route=\/wp\/v2\/posts\/68264\/revisions\/68266"}],"wp:featuredmedia":[{"embeddable":true,"href":"https:\/\/www.egemtv.com\/index.php?rest_route=\/wp\/v2\/media\/68265"}],"wp:attachment":[{"href":"https:\/\/www.egemtv.com\/index.php?rest_route=%2Fwp%2Fv2%2Fmedia&parent=68264"}],"wp:term":[{"taxonomy":"category","embeddable":true,"href":"https:\/\/www.egemtv.com\/index.php?rest_route=%2Fwp%2Fv2%2Fcategories&post=68264"},{"taxonomy":"post_tag","embeddable":true,"href":"https:\/\/www.egemtv.com\/index.php?rest_route=%2Fwp%2Fv2%2Ftags&post=68264"}],"curies":[{"name":"wp","href":"https:\/\/api.w.org\/{rel}","templated":true}]}}