{"id":68261,"date":"2025-11-17T14:35:36","date_gmt":"2025-11-17T11:35:36","guid":{"rendered":"https:\/\/www.egemtv.com\/?p=68261"},"modified":"2025-11-17T14:35:36","modified_gmt":"2025-11-17T11:35:36","slug":"manisali-isitme-engelli-judocu-tokyoda-madalya-kazandi","status":"publish","type":"post","link":"https:\/\/www.egemtv.com\/?p=68261","title":{"rendered":"Manisal\u0131 i\u015fitme engelli judocu, Tokyo\u2019da madalya kazand\u0131"},"content":{"rendered":"<p>Manisa\u2019n\u0131n Salihli il\u00e7esinin gururu, \u0130\u015fitme Engelli Milli Judocu Yadigar Talayhan, 25. \u0130\u015fitme Engelliler Yaz Olimpiyat Oyunlar\u0131\u2019nda bronz madalyan\u0131n sahibi oldu.<br \/>\n<br \/>Salihli\u2019nin gururu, \u0130\u015fitme Engelli Milli Judocu Yadigar Talayhan, Japonya\u2019da d\u00fczenlenen 25. \u0130\u015fitme Engelliler Yaz Olimpiyat Oyunlar\u0131\u2019nda (Deaflympics 2025) tarihi bir ba\u015far\u0131ya imza att\u0131. Tokyo\u2019da tatamiye \u00e7\u0131kan 1922 Salihli Gen\u00e7lik Spor Kul\u00fcb\u00fc sporcusu Talayhan, g\u00fc\u00e7l\u00fc performans\u0131yla 78 kilo kategorisinde bronz madalyan\u0131n sahibi oldu.<br \/>\n<br \/>D\u00fcnya genelinden y\u00fczlerce sporcunun m\u00fccadele etti\u011fi organizasyonda elde etti\u011fi ba\u015far\u0131yla T\u00fcrkiye\u2019nin ve memleketi Salihli\u2019nin ad\u0131n\u0131 gururla duyuran Talayhan, b\u00fcy\u00fck takdir toplad\u0131.<br \/>\n<br \/>Salihli \u0130l\u00e7e Gen\u00e7lik ve Spor M\u00fcd\u00fcr\u00fc Oktay Ayaz, Tokyo\u2019daki bronz madalya ba\u015far\u0131s\u0131 nedeniyle milli sporcu Yadigar Talayhan\u2019\u0131 tebrik ederek, &#8220;Bu gurur hepimizin. Yadigar\u2019\u0131n ba\u015far\u0131s\u0131 yeni nesil sporcular i\u00e7in b\u00fcy\u00fck bir ilham kayna\u011f\u0131d\u0131r&#8221; dedi.<br \/><\/p>\n","protected":false},"excerpt":{"rendered":"<p>Manisa\u2019n\u0131n Salihli il\u00e7esinin gururu, \u0130\u015fitme Engelli Milli Judocu Yadigar Talayhan, 25. \u0130\u015fitme Engelliler Yaz Olimpiyat Oyunlar\u0131\u2019nda bronz madalyan\u0131n sahibi oldu. Salihli\u2019nin gururu, \u0130\u015fitme Engelli Milli Judocu Yadigar Talayhan, Japonya\u2019da d\u00fczenlenen 25. \u0130\u015fitme Engelliler Yaz Olimpiyat Oyunlar\u0131\u2019nda (Deaflympics 2025) tarihi bir ba\u015far\u0131ya imza att\u0131. Tokyo\u2019da tatamiye \u00e7\u0131kan 1922 Salihli Gen\u00e7lik Spor Kul\u00fcb\u00fc sporcusu Talayhan, g\u00fc\u00e7l\u00fc performans\u0131yla&#8230;<\/p>\n","protected":false},"author":1,"featured_media":68262,"comment_status":"open","ping_status":"open","sticky":false,"template":"","format":"standard","meta":{"_crdt_document":"","footnotes":""},"categories":[4],"tags":[],"class_list":["post-68261","post","type-post","status-publish","format-standard","has-post-thumbnail","hentry","category-spor"],"_links":{"self":[{"href":"https:\/\/www.egemtv.com\/index.php?rest_route=\/wp\/v2\/posts\/68261","targetHints":{"allow":["GET"]}}],"collection":[{"href":"https:\/\/www.egemtv.com\/index.php?rest_route=\/wp\/v2\/posts"}],"about":[{"href":"https:\/\/www.egemtv.com\/index.php?rest_route=\/wp\/v2\/types\/post"}],"author":[{"embeddable":true,"href":"https:\/\/www.egemtv.com\/index.php?rest_route=\/wp\/v2\/users\/1"}],"replies":[{"embeddable":true,"href":"https:\/\/www.egemtv.com\/index.php?rest_route=%2Fwp%2Fv2%2Fcomments&post=68261"}],"version-history":[{"count":1,"href":"https:\/\/www.egemtv.com\/index.php?rest_route=\/wp\/v2\/posts\/68261\/revisions"}],"predecessor-version":[{"id":68263,"href":"https:\/\/www.egemtv.com\/index.php?rest_route=\/wp\/v2\/posts\/68261\/revisions\/68263"}],"wp:featuredmedia":[{"embeddable":true,"href":"https:\/\/www.egemtv.com\/index.php?rest_route=\/wp\/v2\/media\/68262"}],"wp:attachment":[{"href":"https:\/\/www.egemtv.com\/index.php?rest_route=%2Fwp%2Fv2%2Fmedia&parent=68261"}],"wp:term":[{"taxonomy":"category","embeddable":true,"href":"https:\/\/www.egemtv.com\/index.php?rest_route=%2Fwp%2Fv2%2Fcategories&post=68261"},{"taxonomy":"post_tag","embeddable":true,"href":"https:\/\/www.egemtv.com\/index.php?rest_route=%2Fwp%2Fv2%2Ftags&post=68261"}],"curies":[{"name":"wp","href":"https:\/\/api.w.org\/{rel}","templated":true}]}}