{"id":68258,"date":"2025-11-17T14:14:48","date_gmt":"2025-11-17T11:14:48","guid":{"rendered":"https:\/\/www.egemtv.com\/?p=68258"},"modified":"2025-11-17T14:14:48","modified_gmt":"2025-11-17T11:14:48","slug":"durak-yerine-orta-seritte-yolcu-indirip-alan-halk-otobusu-pes-dedirtti","status":"publish","type":"post","link":"https:\/\/www.egemtv.com\/?p=68258","title":{"rendered":"Durak yerine orta \u015feritte yolcu indirip alan halk otob\u00fcs\u00fc pes dedirtti"},"content":{"rendered":"<p>Denizli B\u00fcy\u00fck\u015fehir Belediyesine ait halk otob\u00fcs\u00fc dura\u011fa yana\u015fmadan sol \u015feritte yolcu indirme ve bindirme yapt\u0131\u011f\u0131 esnada sa\u011f \u015feritten ilerleyen s\u00fcr\u00fcc\u00fcn\u00fcn dikkati kazay\u0131 \u00f6nledi. Ara\u00e7 kameras\u0131na yans\u0131yan o anlarda yol ortas\u0131nda otob\u00fcs\u00fcn kap\u0131lar\u0131n\u0131n a\u00e7\u0131lmas\u0131yla inen yolcuya az kals\u0131n otomobil \u00e7arp\u0131yordu.<\/p>\n<p>Olay, Merkezefendi il\u00e7esi Saraylar Mahallesi Cumhuriyet Caddesi\u2019nde meydana geldi. Denizli B\u00fcy\u00fck\u015fehir Belediyesine ait halk otob\u00fcs\u00fc 943 nolu Bal\u0131k Hali dura\u011f\u0131na yana\u015fmak yerine \u00e7ift \u015feritli yolun sol \u015feridinde yolcu indirme ve bindirme yapt\u0131. O esnada arkadan gelen bir otomobil s\u00fcr\u00fcc\u00fcs\u00fcn\u00fcn dikkati kazay\u0131 \u00f6nledi. Ara\u00e7 kameras\u0131na yans\u0131yan o anlarda sorumsuz otob\u00fcs \u015fof\u00f6r\u00fc yolcu dura\u011f\u0131na yana\u015fmak yerine yol ortas\u0131nda kap\u0131lar\u0131 a\u00e7ara yolcu indirme ve bindirme yapt\u0131. G\u00f6r\u00fcnt\u00fclerde arac\u0131n \u00f6n kap\u0131s\u0131ndan yolcular\u0131n bindi\u011fi, arka kap\u0131s\u0131ndan ise bir yolcunun indi\u011fi g\u00f6r\u00fcl\u00fcyor. B\u00fcy\u00fck\u015fehir Belediyesine ait halk otob\u00fcs\u00fcn\u00fcn dura\u011fa yana\u015fmadan yolcu indirme ve bindirme yapt\u0131\u011f\u0131n\u0131 fark eden otomobil s\u00fcr\u00fcc\u00fcs\u00fc arka kap\u0131dan da yolcu inece\u011fini \u00f6ng\u00f6rerek fren yapmas\u0131 dikkatlerden ka\u00e7mad\u0131. Otomobil s\u00fcr\u00fcc\u00fcn\u00fcn \u00f6ng\u00f6r\u00fcs\u00fc kazay\u0131 \u00f6nledi.<br \/><\/p>\n","protected":false},"excerpt":{"rendered":"<p>Denizli B\u00fcy\u00fck\u015fehir Belediyesine ait halk otob\u00fcs\u00fc dura\u011fa yana\u015fmadan sol \u015feritte yolcu indirme ve bindirme yapt\u0131\u011f\u0131 esnada sa\u011f \u015feritten ilerleyen s\u00fcr\u00fcc\u00fcn\u00fcn dikkati kazay\u0131 \u00f6nledi. Ara\u00e7 kameras\u0131na yans\u0131yan o anlarda yol ortas\u0131nda otob\u00fcs\u00fcn kap\u0131lar\u0131n\u0131n a\u00e7\u0131lmas\u0131yla inen yolcuya az kals\u0131n otomobil \u00e7arp\u0131yordu. Olay, Merkezefendi il\u00e7esi Saraylar Mahallesi Cumhuriyet Caddesi\u2019nde meydana geldi. Denizli B\u00fcy\u00fck\u015fehir Belediyesine ait halk otob\u00fcs\u00fc 943&#8230;<\/p>\n","protected":false},"author":1,"featured_media":68259,"comment_status":"open","ping_status":"open","sticky":false,"template":"","format":"standard","meta":{"_crdt_document":"","footnotes":""},"categories":[5],"tags":[],"class_list":["post-68258","post","type-post","status-publish","format-standard","has-post-thumbnail","hentry","category-asayis"],"_links":{"self":[{"href":"https:\/\/www.egemtv.com\/index.php?rest_route=\/wp\/v2\/posts\/68258","targetHints":{"allow":["GET"]}}],"collection":[{"href":"https:\/\/www.egemtv.com\/index.php?rest_route=\/wp\/v2\/posts"}],"about":[{"href":"https:\/\/www.egemtv.com\/index.php?rest_route=\/wp\/v2\/types\/post"}],"author":[{"embeddable":true,"href":"https:\/\/www.egemtv.com\/index.php?rest_route=\/wp\/v2\/users\/1"}],"replies":[{"embeddable":true,"href":"https:\/\/www.egemtv.com\/index.php?rest_route=%2Fwp%2Fv2%2Fcomments&post=68258"}],"version-history":[{"count":1,"href":"https:\/\/www.egemtv.com\/index.php?rest_route=\/wp\/v2\/posts\/68258\/revisions"}],"predecessor-version":[{"id":68260,"href":"https:\/\/www.egemtv.com\/index.php?rest_route=\/wp\/v2\/posts\/68258\/revisions\/68260"}],"wp:featuredmedia":[{"embeddable":true,"href":"https:\/\/www.egemtv.com\/index.php?rest_route=\/wp\/v2\/media\/68259"}],"wp:attachment":[{"href":"https:\/\/www.egemtv.com\/index.php?rest_route=%2Fwp%2Fv2%2Fmedia&parent=68258"}],"wp:term":[{"taxonomy":"category","embeddable":true,"href":"https:\/\/www.egemtv.com\/index.php?rest_route=%2Fwp%2Fv2%2Fcategories&post=68258"},{"taxonomy":"post_tag","embeddable":true,"href":"https:\/\/www.egemtv.com\/index.php?rest_route=%2Fwp%2Fv2%2Ftags&post=68258"}],"curies":[{"name":"wp","href":"https:\/\/api.w.org\/{rel}","templated":true}]}}