{"id":68255,"date":"2025-11-17T14:14:47","date_gmt":"2025-11-17T11:14:47","guid":{"rendered":"https:\/\/www.egemtv.com\/?p=68255"},"modified":"2025-11-17T14:14:48","modified_gmt":"2025-11-17T11:14:48","slug":"tavasa-cevre-dostu-dogal-aritma-tesisi-kazandiriliyor","status":"publish","type":"post","link":"https:\/\/www.egemtv.com\/?p=68255","title":{"rendered":"Tavas\u2019a \u00e7evre dostu do\u011fal ar\u0131tma tesisi kazand\u0131r\u0131l\u0131yor"},"content":{"rendered":"<p>DEN\u0130ZL\u0130 (\u0130HA) \u2013 Denizli\u2019nin Tavas il\u00e7esine ba\u011fl\u0131 Ulukent Mahallesi\u2019ne kazand\u0131r\u0131lacak do\u011fal ar\u0131tma tesisiyle, evsel at\u0131k sular\u0131n do\u011faya zarar vermeden ar\u0131t\u0131lmas\u0131 sa\u011flanarak karbon ayak izini azalt\u0131lacak.<\/p>\n<p>Tavas il\u00e7esine ba\u011fl\u0131 Ulukent Mahallesi\u2019nde do\u011fayla tam uyumlu ve s\u00fcrd\u00fcr\u00fclebilir \u00f6zellikleriyle T\u00fcrkiye\u2019ye \u00f6rnek te\u015fkil edecek bir do\u011fal ar\u0131tma tesisinin yap\u0131m\u0131na ba\u015fland\u0131. Toplam 12 bin 225 metrekarelik alan \u00fczerine kurulacak olan tesis, g\u00fcnl\u00fck ortalama 92,4 metrek\u00fcp at\u0131k suyu ar\u0131tma kapasitesiyle yakla\u015f\u0131k bin 50 ki\u015fiye hizmet verecek. Bu sayede mahalle sakinlerinin ya\u015fam kalitesi artarken, b\u00f6lgedeki \u00e7evresel s\u00fcrd\u00fcr\u00fclebilirlik hedeflerine de g\u00fc\u00e7l\u00fc bir katk\u0131 sa\u011flanacak. Tamamen \u00e7evre dostu olarak tasarlanan tesis, mahallede olu\u015fan evsel at\u0131k sular\u0131n do\u011faya zarar vermeden ar\u0131t\u0131lmas\u0131n\u0131 sa\u011flayacak.<\/p>\n<p>S\u0131f\u0131r enerji, maksimum \u00e7evre duyarl\u0131l\u0131\u011f\u0131<br \/>\n<br \/>Mekanik ekipmans\u0131z Ulukent Do\u011fal Ar\u0131tma Tesisi enerji t\u00fcketiminin s\u0131f\u0131r olmas\u0131 \u00f6zelli\u011fiyle de dikkat \u00e7ekiyor. Tamamen do\u011fal s\u00fcre\u00e7lerle \u00e7al\u0131\u015facak bu sistem, hem ekonomik hem de \u00e7evreci bir model olarak \u00f6ne \u00e7\u0131k\u0131yor. Karbon ayak izini azaltmay\u0131 hedefleyen tesis, do\u011fayla uyumlu bir yat\u0131r\u0131m modeli olu\u015fturuyor. Denizli B\u00fcy\u00fck\u015fehir Belediyesi DESK\u0130 Genel M\u00fcd\u00fcrl\u00fc\u011f\u00fc, s\u00fcrd\u00fcr\u00fclebilir \u00e7evre politikalar\u0131 do\u011frultusunda hayata ge\u00e7irdi\u011fi bu proje ile hem do\u011fal kaynaklar\u0131n korunmas\u0131na hem de gelecek nesillere daha temiz bir \u00e7evre b\u0131rak\u0131lmas\u0131na \u00f6nemli bir katk\u0131 sa\u011flayacak.<br \/><\/p>\n","protected":false},"excerpt":{"rendered":"<p>DEN\u0130ZL\u0130 (\u0130HA) \u2013 Denizli\u2019nin Tavas il\u00e7esine ba\u011fl\u0131 Ulukent Mahallesi\u2019ne kazand\u0131r\u0131lacak do\u011fal ar\u0131tma tesisiyle, evsel at\u0131k sular\u0131n do\u011faya zarar vermeden ar\u0131t\u0131lmas\u0131 sa\u011flanarak karbon ayak izini azalt\u0131lacak. Tavas il\u00e7esine ba\u011fl\u0131 Ulukent Mahallesi\u2019nde do\u011fayla tam uyumlu ve s\u00fcrd\u00fcr\u00fclebilir \u00f6zellikleriyle T\u00fcrkiye\u2019ye \u00f6rnek te\u015fkil edecek bir do\u011fal ar\u0131tma tesisinin yap\u0131m\u0131na ba\u015fland\u0131. Toplam 12 bin 225 metrekarelik alan \u00fczerine kurulacak olan&#8230;<\/p>\n","protected":false},"author":1,"featured_media":68256,"comment_status":"open","ping_status":"open","sticky":false,"template":"","format":"standard","meta":{"_crdt_document":"","footnotes":""},"categories":[1],"tags":[],"class_list":["post-68255","post","type-post","status-publish","format-standard","has-post-thumbnail","hentry","category-guncel"],"_links":{"self":[{"href":"https:\/\/www.egemtv.com\/index.php?rest_route=\/wp\/v2\/posts\/68255","targetHints":{"allow":["GET"]}}],"collection":[{"href":"https:\/\/www.egemtv.com\/index.php?rest_route=\/wp\/v2\/posts"}],"about":[{"href":"https:\/\/www.egemtv.com\/index.php?rest_route=\/wp\/v2\/types\/post"}],"author":[{"embeddable":true,"href":"https:\/\/www.egemtv.com\/index.php?rest_route=\/wp\/v2\/users\/1"}],"replies":[{"embeddable":true,"href":"https:\/\/www.egemtv.com\/index.php?rest_route=%2Fwp%2Fv2%2Fcomments&post=68255"}],"version-history":[{"count":1,"href":"https:\/\/www.egemtv.com\/index.php?rest_route=\/wp\/v2\/posts\/68255\/revisions"}],"predecessor-version":[{"id":68257,"href":"https:\/\/www.egemtv.com\/index.php?rest_route=\/wp\/v2\/posts\/68255\/revisions\/68257"}],"wp:featuredmedia":[{"embeddable":true,"href":"https:\/\/www.egemtv.com\/index.php?rest_route=\/wp\/v2\/media\/68256"}],"wp:attachment":[{"href":"https:\/\/www.egemtv.com\/index.php?rest_route=%2Fwp%2Fv2%2Fmedia&parent=68255"}],"wp:term":[{"taxonomy":"category","embeddable":true,"href":"https:\/\/www.egemtv.com\/index.php?rest_route=%2Fwp%2Fv2%2Fcategories&post=68255"},{"taxonomy":"post_tag","embeddable":true,"href":"https:\/\/www.egemtv.com\/index.php?rest_route=%2Fwp%2Fv2%2Ftags&post=68255"}],"curies":[{"name":"wp","href":"https:\/\/api.w.org\/{rel}","templated":true}]}}