{"id":68252,"date":"2025-11-17T14:14:46","date_gmt":"2025-11-17T11:14:46","guid":{"rendered":"https:\/\/www.egemtv.com\/?p=68252"},"modified":"2025-11-17T14:14:47","modified_gmt":"2025-11-17T11:14:47","slug":"demircide-cikan-yanginda-bir-ev-kullanilamaz-hale-geldi","status":"publish","type":"post","link":"https:\/\/www.egemtv.com\/?p=68252","title":{"rendered":"Demirci\u2019de \u00e7\u0131kan yang\u0131nda bir ev kullan\u0131lamaz hale geldi"},"content":{"rendered":"<p>Manisa\u2019n\u0131n Demirci il\u00e7esinde meydana gelen yang\u0131nda bir ev tamamen yanarak kullan\u0131lamaz hale gelirken, ah\u0131rdaki b\u00fcy\u00fckba\u015f hayvanlar ise mahalle sakinleri taraf\u0131ndan kurtar\u0131ld\u0131.<br \/>\n<br \/>Demirci il\u00e7esine ba\u011fl\u0131 G\u00fcveli Mahallesinde Osman Kahraman\u2019a ait evde hen\u00fcz belirlenemeyen bir neden dolay\u0131 yang\u0131n \u00e7\u0131kt\u0131. Evin \u00e7at\u0131s\u0131ndan y\u00fckselen dumanlar bir anda alevlere d\u00f6n\u00fc\u015ft\u00fc. Mahalle sakinleri \u0130tfaiye ekiplerine haber verirken, ah\u0131rda bulunan b\u00fcy\u00fckba\u015f hayvanlar da tahliye edildi.<br \/>\n<br \/>Manisa B\u00fcy\u00fck\u015fehir Belediyesi Demirci ve K\u00f6pr\u00fcba\u015f\u0131 \u0130tfaiye ekiplerince m\u00fcdahale edilen yang\u0131n 2 saat s\u00fcren yo\u011fun bir \u00e7al\u0131\u015fman\u0131n sonucunda yan\u0131ndaki evlere s\u0131\u00e7ramadan s\u00f6nd\u00fcr\u00fcld\u00fc.<br \/>\n<br \/>Yang\u0131nda ev tamamen yanarken, yang\u0131n s\u00f6nd\u00fcrme \u00e7al\u0131\u015fmalar\u0131n\u0131n g\u00fcvenli bir \u015fekilde s\u00fcrd\u00fcr\u00fclmesi i\u00e7inde mahallede elektrikler kesildi.<br \/>\n<br \/>Evinin yand\u0131\u011f\u0131n\u0131 g\u00f6ren Osman Kahraman\u2019\u0131n e\u015fi, Azize Kahraman fenal\u0131k ge\u00e7irirken, mahalle sakinlerince sakinle\u015ftirildi.<br \/>\n<br \/>S\u00f6nd\u00fcrme \u00e7al\u0131\u015fmalar\u0131 s\u0131ras\u0131nda Demirci Belediyesi ve Manisa B\u00fcy\u00fck\u015fehir Belediyesine ait su tankerleri taraf\u0131ndan itfaiye ekiplerine su takviyesi sa\u011fland\u0131\u011f\u0131 \u00f6\u011frenildi.<br \/><\/p>\n","protected":false},"excerpt":{"rendered":"<p>Manisa\u2019n\u0131n Demirci il\u00e7esinde meydana gelen yang\u0131nda bir ev tamamen yanarak kullan\u0131lamaz hale gelirken, ah\u0131rdaki b\u00fcy\u00fckba\u015f hayvanlar ise mahalle sakinleri taraf\u0131ndan kurtar\u0131ld\u0131. Demirci il\u00e7esine ba\u011fl\u0131 G\u00fcveli Mahallesinde Osman Kahraman\u2019a ait evde hen\u00fcz belirlenemeyen bir neden dolay\u0131 yang\u0131n \u00e7\u0131kt\u0131. Evin \u00e7at\u0131s\u0131ndan y\u00fckselen dumanlar bir anda alevlere d\u00f6n\u00fc\u015ft\u00fc. Mahalle sakinleri \u0130tfaiye ekiplerine haber verirken, ah\u0131rda bulunan b\u00fcy\u00fckba\u015f hayvanlar&#8230;<\/p>\n","protected":false},"author":1,"featured_media":68253,"comment_status":"open","ping_status":"open","sticky":false,"template":"","format":"standard","meta":{"_crdt_document":"","footnotes":""},"categories":[5],"tags":[],"class_list":["post-68252","post","type-post","status-publish","format-standard","has-post-thumbnail","hentry","category-asayis"],"_links":{"self":[{"href":"https:\/\/www.egemtv.com\/index.php?rest_route=\/wp\/v2\/posts\/68252","targetHints":{"allow":["GET"]}}],"collection":[{"href":"https:\/\/www.egemtv.com\/index.php?rest_route=\/wp\/v2\/posts"}],"about":[{"href":"https:\/\/www.egemtv.com\/index.php?rest_route=\/wp\/v2\/types\/post"}],"author":[{"embeddable":true,"href":"https:\/\/www.egemtv.com\/index.php?rest_route=\/wp\/v2\/users\/1"}],"replies":[{"embeddable":true,"href":"https:\/\/www.egemtv.com\/index.php?rest_route=%2Fwp%2Fv2%2Fcomments&post=68252"}],"version-history":[{"count":1,"href":"https:\/\/www.egemtv.com\/index.php?rest_route=\/wp\/v2\/posts\/68252\/revisions"}],"predecessor-version":[{"id":68254,"href":"https:\/\/www.egemtv.com\/index.php?rest_route=\/wp\/v2\/posts\/68252\/revisions\/68254"}],"wp:featuredmedia":[{"embeddable":true,"href":"https:\/\/www.egemtv.com\/index.php?rest_route=\/wp\/v2\/media\/68253"}],"wp:attachment":[{"href":"https:\/\/www.egemtv.com\/index.php?rest_route=%2Fwp%2Fv2%2Fmedia&parent=68252"}],"wp:term":[{"taxonomy":"category","embeddable":true,"href":"https:\/\/www.egemtv.com\/index.php?rest_route=%2Fwp%2Fv2%2Fcategories&post=68252"},{"taxonomy":"post_tag","embeddable":true,"href":"https:\/\/www.egemtv.com\/index.php?rest_route=%2Fwp%2Fv2%2Ftags&post=68252"}],"curies":[{"name":"wp","href":"https:\/\/api.w.org\/{rel}","templated":true}]}}