{"id":68249,"date":"2025-11-17T13:56:07","date_gmt":"2025-11-17T10:56:07","guid":{"rendered":"https:\/\/www.egemtv.com\/?p=68249"},"modified":"2025-11-17T13:56:08","modified_gmt":"2025-11-17T10:56:08","slug":"nazillide-ev-yangini-1-olu-3-yarali","status":"publish","type":"post","link":"https:\/\/www.egemtv.com\/?p=68249","title":{"rendered":"Nazilli\u2019de ev yang\u0131n\u0131: 1 \u00f6l\u00fc, 3 yaral\u0131"},"content":{"rendered":"<p>Ayd\u0131n\u2019\u0131n Nazilli il\u00e7esindeki bir evde \u00e7\u0131kan yang\u0131nda 1 ki\u015fi hayat\u0131n\u0131 kaybederken, 3 ki\u015fi ise yaraland\u0131.<br \/>\n<br \/>Yang\u0131n, \u015eirinevler Mahallesi 685 Sokak \u00fczerindeki iki katl\u0131 bir evin, ikinci kat\u0131nda meydana geldi. Evden dumanlar\u0131n y\u00fckseldi\u011fini fark eden mahalle sakinlerinin ihbar\u0131 \u00fczerine b\u00f6lgeye itfaiye, sa\u011fl\u0131k ve polis ekipleri sevk edildi. Olay yerine gelen itfaiye ekipleri yang\u0131n esnas\u0131nda evde bulunan 18 ya\u015f\u0131ndaki Makbule \u0130lhan\u2019\u0131 alevlerin aras\u0131ndan kurtararak sa\u011fl\u0131k ekiplerine teslim etti. Ayr\u0131ca yang\u0131nda dumandan etkilenen F.\u0130., A.\u0130. ve D.\u00d6. de hastanede tedavi alt\u0131na al\u0131nd\u0131. Hastaneye kald\u0131r\u0131lan Makbule \u0130lhan burada yap\u0131lan t\u00fcm m\u00fcdahalelere ra\u011fmen hayat\u0131n\u0131 kaybetti.<\/p>\n<p>Kaymakam Kan, dumandan etkilenen vatanda\u015flar\u0131 ziyaret etti<br \/>\n<br \/>Nazilli Kaymakam\u0131 Huriye K\u00fcpeli Kan, yang\u0131n sonras\u0131 hastaneye gelerek dumandan etkilenen vatanda\u015flar\u0131 ziyaret ederken, ard\u0131ndan yang\u0131n b\u00f6lgesinde de yetkililerden bilgi ald\u0131.<br \/><\/p>\n","protected":false},"excerpt":{"rendered":"<p>Ayd\u0131n\u2019\u0131n Nazilli il\u00e7esindeki bir evde \u00e7\u0131kan yang\u0131nda 1 ki\u015fi hayat\u0131n\u0131 kaybederken, 3 ki\u015fi ise yaraland\u0131. Yang\u0131n, \u015eirinevler Mahallesi 685 Sokak \u00fczerindeki iki katl\u0131 bir evin, ikinci kat\u0131nda meydana geldi. Evden dumanlar\u0131n y\u00fckseldi\u011fini fark eden mahalle sakinlerinin ihbar\u0131 \u00fczerine b\u00f6lgeye itfaiye, sa\u011fl\u0131k ve polis ekipleri sevk edildi. Olay yerine gelen itfaiye ekipleri yang\u0131n esnas\u0131nda evde bulunan&#8230;<\/p>\n","protected":false},"author":1,"featured_media":68250,"comment_status":"open","ping_status":"open","sticky":false,"template":"","format":"standard","meta":{"_crdt_document":"","footnotes":""},"categories":[5],"tags":[],"class_list":["post-68249","post","type-post","status-publish","format-standard","has-post-thumbnail","hentry","category-asayis"],"_links":{"self":[{"href":"https:\/\/www.egemtv.com\/index.php?rest_route=\/wp\/v2\/posts\/68249","targetHints":{"allow":["GET"]}}],"collection":[{"href":"https:\/\/www.egemtv.com\/index.php?rest_route=\/wp\/v2\/posts"}],"about":[{"href":"https:\/\/www.egemtv.com\/index.php?rest_route=\/wp\/v2\/types\/post"}],"author":[{"embeddable":true,"href":"https:\/\/www.egemtv.com\/index.php?rest_route=\/wp\/v2\/users\/1"}],"replies":[{"embeddable":true,"href":"https:\/\/www.egemtv.com\/index.php?rest_route=%2Fwp%2Fv2%2Fcomments&post=68249"}],"version-history":[{"count":1,"href":"https:\/\/www.egemtv.com\/index.php?rest_route=\/wp\/v2\/posts\/68249\/revisions"}],"predecessor-version":[{"id":68251,"href":"https:\/\/www.egemtv.com\/index.php?rest_route=\/wp\/v2\/posts\/68249\/revisions\/68251"}],"wp:featuredmedia":[{"embeddable":true,"href":"https:\/\/www.egemtv.com\/index.php?rest_route=\/wp\/v2\/media\/68250"}],"wp:attachment":[{"href":"https:\/\/www.egemtv.com\/index.php?rest_route=%2Fwp%2Fv2%2Fmedia&parent=68249"}],"wp:term":[{"taxonomy":"category","embeddable":true,"href":"https:\/\/www.egemtv.com\/index.php?rest_route=%2Fwp%2Fv2%2Fcategories&post=68249"},{"taxonomy":"post_tag","embeddable":true,"href":"https:\/\/www.egemtv.com\/index.php?rest_route=%2Fwp%2Fv2%2Ftags&post=68249"}],"curies":[{"name":"wp","href":"https:\/\/api.w.org\/{rel}","templated":true}]}}