{"id":68246,"date":"2025-11-17T13:56:06","date_gmt":"2025-11-17T10:56:06","guid":{"rendered":"https:\/\/www.egemtv.com\/?p=68246"},"modified":"2025-11-17T13:56:07","modified_gmt":"2025-11-17T10:56:07","slug":"kucuk-tenisci-turnuvaya-davet-edildi","status":"publish","type":"post","link":"https:\/\/www.egemtv.com\/?p=68246","title":{"rendered":"K\u00fc\u00e7\u00fck tenis\u00e7i turnuvaya davet edildi"},"content":{"rendered":"<p>Afyonkarahisar Gen\u00e7lik ve Spor \u0130l M\u00fcd\u00fcrl\u00fc\u011f\u00fc sporcusu Hafsa Zehra \u00c7\u0131nar, T\u00fcrkiye Tenis Federasyonu (TTF) taraf\u0131ndan Bursa\u2019da d\u00fczenlenen \u2019En \u0130yi 8 Master Turnuvas\u0131\u2019na davet edildi.<br \/>\n<br \/>T\u00fcrkiye\u2019nin en ba\u015far\u0131l\u0131 sekiz sporcusunun yer ald\u0131\u011f\u0131 organizasyon, y\u0131l i\u00e7inde g\u00f6sterilen performansa g\u00f6re se\u00e7ilen isimlerle ger\u00e7ekle\u015ftirilirken, gen\u00e7 sporcu \u00c7\u0131nar\u2019\u0131n turnuvaya davet edilmesi b\u00fcy\u00fck bir gurur kayna\u011f\u0131 oldu.<br \/>\n<br \/>Hen\u00fcz 11 ya\u015f\u0131nda olmas\u0131na ra\u011fmen 2025 y\u0131l\u0131 boyunca \u00f6nemli ba\u015far\u0131lara imza atan Hafsa Zehra \u00c7\u0131nar\u2019\u0131n turnuvada yeni ba\u015far\u0131lara imza atmas\u0131 bekleniyor.<br \/><\/p>\n","protected":false},"excerpt":{"rendered":"<p>Afyonkarahisar Gen\u00e7lik ve Spor \u0130l M\u00fcd\u00fcrl\u00fc\u011f\u00fc sporcusu Hafsa Zehra \u00c7\u0131nar, T\u00fcrkiye Tenis Federasyonu (TTF) taraf\u0131ndan Bursa\u2019da d\u00fczenlenen \u2019En \u0130yi 8 Master Turnuvas\u0131\u2019na davet edildi. T\u00fcrkiye\u2019nin en ba\u015far\u0131l\u0131 sekiz sporcusunun yer ald\u0131\u011f\u0131 organizasyon, y\u0131l i\u00e7inde g\u00f6sterilen performansa g\u00f6re se\u00e7ilen isimlerle ger\u00e7ekle\u015ftirilirken, gen\u00e7 sporcu \u00c7\u0131nar\u2019\u0131n turnuvaya davet edilmesi b\u00fcy\u00fck bir gurur kayna\u011f\u0131 oldu. Hen\u00fcz 11 ya\u015f\u0131nda olmas\u0131na&#8230;<\/p>\n","protected":false},"author":1,"featured_media":68247,"comment_status":"open","ping_status":"open","sticky":false,"template":"","format":"standard","meta":{"_crdt_document":"","footnotes":""},"categories":[4],"tags":[],"class_list":["post-68246","post","type-post","status-publish","format-standard","has-post-thumbnail","hentry","category-spor"],"_links":{"self":[{"href":"https:\/\/www.egemtv.com\/index.php?rest_route=\/wp\/v2\/posts\/68246","targetHints":{"allow":["GET"]}}],"collection":[{"href":"https:\/\/www.egemtv.com\/index.php?rest_route=\/wp\/v2\/posts"}],"about":[{"href":"https:\/\/www.egemtv.com\/index.php?rest_route=\/wp\/v2\/types\/post"}],"author":[{"embeddable":true,"href":"https:\/\/www.egemtv.com\/index.php?rest_route=\/wp\/v2\/users\/1"}],"replies":[{"embeddable":true,"href":"https:\/\/www.egemtv.com\/index.php?rest_route=%2Fwp%2Fv2%2Fcomments&post=68246"}],"version-history":[{"count":1,"href":"https:\/\/www.egemtv.com\/index.php?rest_route=\/wp\/v2\/posts\/68246\/revisions"}],"predecessor-version":[{"id":68248,"href":"https:\/\/www.egemtv.com\/index.php?rest_route=\/wp\/v2\/posts\/68246\/revisions\/68248"}],"wp:featuredmedia":[{"embeddable":true,"href":"https:\/\/www.egemtv.com\/index.php?rest_route=\/wp\/v2\/media\/68247"}],"wp:attachment":[{"href":"https:\/\/www.egemtv.com\/index.php?rest_route=%2Fwp%2Fv2%2Fmedia&parent=68246"}],"wp:term":[{"taxonomy":"category","embeddable":true,"href":"https:\/\/www.egemtv.com\/index.php?rest_route=%2Fwp%2Fv2%2Fcategories&post=68246"},{"taxonomy":"post_tag","embeddable":true,"href":"https:\/\/www.egemtv.com\/index.php?rest_route=%2Fwp%2Fv2%2Ftags&post=68246"}],"curies":[{"name":"wp","href":"https:\/\/api.w.org\/{rel}","templated":true}]}}