{"id":6817,"date":"2025-01-11T12:06:10","date_gmt":"2025-01-11T09:06:10","guid":{"rendered":"https:\/\/www.egemtv.com\/?p=6817"},"modified":"2025-01-11T12:06:12","modified_gmt":"2025-01-11T09:06:12","slug":"abisini-evde-olu-buldu","status":"publish","type":"post","link":"https:\/\/www.egemtv.com\/?p=6817","title":{"rendered":"Abisini evde \u00f6l\u00fc buldu"},"content":{"rendered":"<p>Ayd\u0131n\u2019\u0131n Ku\u015fadas\u0131 il\u00e7esinde bir \u015fah\u0131s, karde\u015fi taraf\u0131ndan ya\u015fad\u0131\u011f\u0131 evinde \u00f6l\u00fc bulundu.<\/p>\n<p>Olay, d\u00fcn gece De\u011firmendere Mahallesi\u2019nde meydana geldi. Edinilen bilgiye g\u00f6re, Hasan Ayan\u2019dan (36) bir s\u00fcredir haber alamayan karde\u015fi U.A., abisinin ya\u015fad\u0131\u011f\u0131 eve gitti. Kap\u0131dan i\u00e7eri giren U.A., abisini merdiven bo\u015flu\u011funda as\u0131l\u0131 halde buldu. \u0130hbar \u00fczerine olay yerine polis ve 112 Acil Servis ekipleri sevk edildi. Sa\u011fl\u0131k ekiplerinin yapt\u0131\u011f\u0131 incelemede, Hasan Ayan\u2019\u0131n ya\u015fam\u0131n\u0131 yitirdi\u011fi tespit edildi. \u015eahs\u0131n cans\u0131z bedeni otopsi i\u00e7in \u0130zmir Adli T\u0131p Morgu\u2019na kald\u0131r\u0131ld\u0131. Olayla ilgili soru\u015fturma ba\u015flat\u0131ld\u0131.<br \/>\n<br \/><img fetchpriority=\"high\" decoding=\"async\" width=\"706\" height=\"768\" src=\"https:\/\/www.egemtv.com\/wp-content\/uploads\/2025\/01\/abisini-evde-olu-buldu_d64e41c86f23.jpg\" class=\"attachment-full size-full not-transparent\" alt=\"\" data-has-transparency=\"false\" data-dominant-color=\"7a6963\" style=\"--dominant-color: #7a6963\" \/><\/p>\n","protected":false},"excerpt":{"rendered":"<p>Ayd\u0131n\u2019\u0131n Ku\u015fadas\u0131 il\u00e7esinde bir \u015fah\u0131s, karde\u015fi taraf\u0131ndan ya\u015fad\u0131\u011f\u0131 evinde \u00f6l\u00fc bulundu. Olay, d\u00fcn gece De\u011firmendere Mahallesi\u2019nde meydana geldi. Edinilen bilgiye g\u00f6re, Hasan Ayan\u2019dan (36) bir s\u00fcredir haber alamayan karde\u015fi U.A., abisinin ya\u015fad\u0131\u011f\u0131 eve gitti. Kap\u0131dan i\u00e7eri giren U.A., abisini merdiven bo\u015flu\u011funda as\u0131l\u0131 halde buldu. \u0130hbar \u00fczerine olay yerine polis ve 112 Acil Servis ekipleri sevk&#8230;<\/p>\n","protected":false},"author":1,"featured_media":6818,"comment_status":"open","ping_status":"open","sticky":false,"template":"","format":"standard","meta":{"_crdt_document":"","footnotes":""},"categories":[5],"tags":[],"class_list":["post-6817","post","type-post","status-publish","format-standard","has-post-thumbnail","hentry","category-asayis"],"_links":{"self":[{"href":"https:\/\/www.egemtv.com\/index.php?rest_route=\/wp\/v2\/posts\/6817","targetHints":{"allow":["GET"]}}],"collection":[{"href":"https:\/\/www.egemtv.com\/index.php?rest_route=\/wp\/v2\/posts"}],"about":[{"href":"https:\/\/www.egemtv.com\/index.php?rest_route=\/wp\/v2\/types\/post"}],"author":[{"embeddable":true,"href":"https:\/\/www.egemtv.com\/index.php?rest_route=\/wp\/v2\/users\/1"}],"replies":[{"embeddable":true,"href":"https:\/\/www.egemtv.com\/index.php?rest_route=%2Fwp%2Fv2%2Fcomments&post=6817"}],"version-history":[{"count":1,"href":"https:\/\/www.egemtv.com\/index.php?rest_route=\/wp\/v2\/posts\/6817\/revisions"}],"predecessor-version":[{"id":6820,"href":"https:\/\/www.egemtv.com\/index.php?rest_route=\/wp\/v2\/posts\/6817\/revisions\/6820"}],"wp:featuredmedia":[{"embeddable":true,"href":"https:\/\/www.egemtv.com\/index.php?rest_route=\/wp\/v2\/media\/6818"}],"wp:attachment":[{"href":"https:\/\/www.egemtv.com\/index.php?rest_route=%2Fwp%2Fv2%2Fmedia&parent=6817"}],"wp:term":[{"taxonomy":"category","embeddable":true,"href":"https:\/\/www.egemtv.com\/index.php?rest_route=%2Fwp%2Fv2%2Fcategories&post=6817"},{"taxonomy":"post_tag","embeddable":true,"href":"https:\/\/www.egemtv.com\/index.php?rest_route=%2Fwp%2Fv2%2Ftags&post=6817"}],"curies":[{"name":"wp","href":"https:\/\/api.w.org\/{rel}","templated":true}]}}