{"id":6809,"date":"2025-01-11T12:02:36","date_gmt":"2025-01-11T09:02:36","guid":{"rendered":"https:\/\/www.egemtv.com\/?p=6809"},"modified":"2025-01-11T12:02:46","modified_gmt":"2025-01-11T09:02:46","slug":"alangullu-gurese-hazir","status":"publish","type":"post","link":"https:\/\/www.egemtv.com\/?p=6809","title":{"rendered":"Alang\u00fcll\u00fc g\u00fcre\u015fe haz\u0131r"},"content":{"rendered":"<p>Germencik Belediyesi\u2019nin d\u00fczenledi\u011fi 76. Germencik Deve G\u00fcre\u015fi Festivali i\u00e7in geri say\u0131m ba\u015flarken, pehlivan develeri a\u011f\u0131rlayacak olan Alang\u00fcll\u00fc Arenas\u0131 g\u00fcre\u015fe haz\u0131r hale getirildi.<\/p>\n<p>Ege, Marmara ve Akdeniz b\u00f6lgelerinin vazge\u00e7ilmez k\u00fclt\u00fcrel etkinliklerinden deve g\u00fcre\u015fi festivalinde y\u0131l\u0131n en heyecanl\u0131 g\u00fcre\u015flerinden biri olan 76. Germencik Deve G\u00fcre\u015fi Festivali i\u00e7in geri say\u0131m ba\u015flad\u0131. Germencik Belediyesi taraf\u0131ndan, Alang\u00fcll\u00fc Mahallesi\u2019ndeki arenada 12 Ocak 2025 Pazar g\u00fcn\u00fc yap\u0131lacak olan g\u00fcre\u015fe T\u00fcrkiye\u2019nin \u00e7e\u015fitli illerinden birbirinden \u00fcnl\u00fc pehlivan deve kat\u0131lacak. Festival \u00e7er\u00e7evesinde birbirinden \u00fcnl\u00fc pehlivan develeri a\u011f\u0131rlayacak olan Alang\u00fcll\u00fc Arenas\u0131 da g\u00fcre\u015flere haz\u0131r hale getirildi. \u00c7al\u0131\u015fmalar\u0131 yerinde inceleyen Germencik Belediye Ba\u015fkan\u0131 Burak Zencirci ise 12 Ocak Pazar g\u00fcn\u00fc Ege, Marmara ve Akdeniz b\u00f6lgelerinin pehlivan develerinin g\u00fcre\u015fece\u011fi festivale t\u00fcm vatanda\u015flar\u0131 davet etti.<\/p>\n<p>Ba\u015fkan Zencirci, sosyal medya payla\u015f\u0131m\u0131nda \u201cGeleneksel 76. Germencik B\u00fcy\u00fck Germencik Deve G\u00fcre\u015fi Festivalimiz i\u00e7in t\u00fcm haz\u0131rl\u0131klar\u0131m\u0131z tamamland\u0131. Hava durumu m\u00fcsaade ederse bu b\u00fcy\u00fck co\u015fkuyu ya\u015famak, y\u00f6re k\u00fclt\u00fcr\u00fcm\u00fcz\u00fcn e\u015fsiz bir de\u011feri olan g\u00fcre\u015flerimizin heyecan\u0131n\u0131 payla\u015fmak i\u00e7in 12 Ocak Pazar yani yar\u0131n Alang\u00fcll\u00fc G\u00fcre\u015f Saham\u0131zda bulu\u015fal\u0131m\u201d ifadelerine yer verdi.<br \/>\n<br \/><img fetchpriority=\"high\" decoding=\"async\" width=\"1080\" height=\"1080\" src=\"https:\/\/www.egemtv.com\/wp-content\/uploads\/2025\/01\/alangullu-gurese-hazir_70a20fa7e16a.jpg\" class=\"attachment-full size-full not-transparent\" alt=\"\" data-has-transparency=\"false\" data-dominant-color=\"66747f\" style=\"--dominant-color: #66747f\" \/><img decoding=\"async\" width=\"1080\" height=\"1080\" src=\"https:\/\/www.egemtv.com\/wp-content\/uploads\/2025\/01\/alangullu-gurese-hazir_04d60888fa7c.jpg\" class=\"attachment-full size-full not-transparent\" alt=\"\" data-has-transparency=\"false\" data-dominant-color=\"737d85\" style=\"--dominant-color: #737d85\" \/><img decoding=\"async\" width=\"1080\" height=\"1080\" src=\"https:\/\/www.egemtv.com\/wp-content\/uploads\/2025\/01\/alangullu-gurese-hazir_36a6f08847a3.jpg\" class=\"attachment-full size-full not-transparent\" alt=\"\" data-has-transparency=\"false\" data-dominant-color=\"7c878b\" style=\"--dominant-color: #7c878b\" \/><img loading=\"lazy\" decoding=\"async\" width=\"1079\" height=\"1080\" src=\"https:\/\/www.egemtv.com\/wp-content\/uploads\/2025\/01\/alangullu-gurese-hazir_db126ab9d5ea.jpg\" class=\"attachment-full size-full not-transparent\" alt=\"\" data-has-transparency=\"false\" data-dominant-color=\"75767a\" style=\"--dominant-color: #75767a\" \/><img loading=\"lazy\" decoding=\"async\" width=\"1080\" height=\"1080\" src=\"https:\/\/www.egemtv.com\/wp-content\/uploads\/2025\/01\/alangullu-gurese-hazir_cf0415fab600.jpg\" class=\"attachment-full size-full not-transparent\" alt=\"\" data-has-transparency=\"false\" data-dominant-color=\"697478\" style=\"--dominant-color: #697478\" \/><\/p>\n","protected":false},"excerpt":{"rendered":"<p>Germencik Belediyesi\u2019nin d\u00fczenledi\u011fi 76. Germencik Deve G\u00fcre\u015fi Festivali i\u00e7in geri say\u0131m ba\u015flarken, pehlivan develeri a\u011f\u0131rlayacak olan Alang\u00fcll\u00fc Arenas\u0131 g\u00fcre\u015fe haz\u0131r hale getirildi. Ege, Marmara ve Akdeniz b\u00f6lgelerinin vazge\u00e7ilmez k\u00fclt\u00fcrel etkinliklerinden deve g\u00fcre\u015fi festivalinde y\u0131l\u0131n en heyecanl\u0131 g\u00fcre\u015flerinden biri olan 76. Germencik Deve G\u00fcre\u015fi Festivali i\u00e7in geri say\u0131m ba\u015flad\u0131. Germencik Belediyesi taraf\u0131ndan, Alang\u00fcll\u00fc Mahallesi\u2019ndeki arenada 12&#8230;<\/p>\n","protected":false},"author":1,"featured_media":6810,"comment_status":"open","ping_status":"open","sticky":false,"template":"","format":"standard","meta":{"_crdt_document":"","footnotes":""},"categories":[1],"tags":[],"class_list":["post-6809","post","type-post","status-publish","format-standard","has-post-thumbnail","hentry","category-guncel"],"_links":{"self":[{"href":"https:\/\/www.egemtv.com\/index.php?rest_route=\/wp\/v2\/posts\/6809","targetHints":{"allow":["GET"]}}],"collection":[{"href":"https:\/\/www.egemtv.com\/index.php?rest_route=\/wp\/v2\/posts"}],"about":[{"href":"https:\/\/www.egemtv.com\/index.php?rest_route=\/wp\/v2\/types\/post"}],"author":[{"embeddable":true,"href":"https:\/\/www.egemtv.com\/index.php?rest_route=\/wp\/v2\/users\/1"}],"replies":[{"embeddable":true,"href":"https:\/\/www.egemtv.com\/index.php?rest_route=%2Fwp%2Fv2%2Fcomments&post=6809"}],"version-history":[{"count":1,"href":"https:\/\/www.egemtv.com\/index.php?rest_route=\/wp\/v2\/posts\/6809\/revisions"}],"predecessor-version":[{"id":6816,"href":"https:\/\/www.egemtv.com\/index.php?rest_route=\/wp\/v2\/posts\/6809\/revisions\/6816"}],"wp:featuredmedia":[{"embeddable":true,"href":"https:\/\/www.egemtv.com\/index.php?rest_route=\/wp\/v2\/media\/6810"}],"wp:attachment":[{"href":"https:\/\/www.egemtv.com\/index.php?rest_route=%2Fwp%2Fv2%2Fmedia&parent=6809"}],"wp:term":[{"taxonomy":"category","embeddable":true,"href":"https:\/\/www.egemtv.com\/index.php?rest_route=%2Fwp%2Fv2%2Fcategories&post=6809"},{"taxonomy":"post_tag","embeddable":true,"href":"https:\/\/www.egemtv.com\/index.php?rest_route=%2Fwp%2Fv2%2Ftags&post=6809"}],"curies":[{"name":"wp","href":"https:\/\/api.w.org\/{rel}","templated":true}]}}