{"id":6802,"date":"2025-01-11T11:59:51","date_gmt":"2025-01-11T08:59:51","guid":{"rendered":"https:\/\/www.egemtv.com\/?p=6802"},"modified":"2025-01-11T11:59:58","modified_gmt":"2025-01-11T08:59:58","slug":"demircili-kadinlar-manisayi-gezdi","status":"publish","type":"post","link":"https:\/\/www.egemtv.com\/?p=6802","title":{"rendered":"Demircili kad\u0131nlar Manisa\u2019y\u0131 gezdi"},"content":{"rendered":"<p>Manisa B\u00fcy\u00fck\u015fehir Belediyesi, sosyal belediyecilik anlay\u0131\u015f\u0131 ile kad\u0131nlar\u0131n sosyal ya\u015famla daha g\u00fc\u00e7l\u00fc bir ba\u011f kurmalar\u0131n\u0131, toplumsal hayata e\u015fit kat\u0131l\u0131m\u0131n\u0131, sa\u011flamak ve kentin tarihini tan\u0131tmak amac\u0131yla ba\u015flatt\u0131\u011f\u0131 Ad\u0131m Ad\u0131m Manisa projesi kapsam\u0131nda Demircili 82 ki\u015filik kad\u0131n kafilesini a\u011f\u0131rlad\u0131.<br \/>\n<br \/>Demircili kad\u0131nlar, Manisa\u2019n\u0131n tarihi ve k\u00fclt\u00fcrel de\u011ferleriyle dolu \u00f6nemli noktalar\u0131n\u0131 ziyaret etti; keyifli bir g\u00fcn ge\u00e7irdi.<\/p>\n<p>Ad\u0131m ad\u0131m Manisa Projesi, b\u00fcy\u00fck ilgi<br \/>\n<br \/>Manisa\u2019n\u0131n merkezine uzak il\u00e7elerinde ya\u015fayan kad\u0131nlar\u0131n sosyal hayata kat\u0131l\u0131m\u0131n\u0131 art\u0131rmak ve kentin tarihi, k\u00fclt\u00fcrel zenginliklerini tan\u0131tmak amac\u0131yla hayata ge\u00e7irilen Ad\u0131m Ad\u0131m Manisa projesi, b\u00fcy\u00fck ilgi g\u00f6r\u00fcyor. Proje kapsam\u0131nda Demirci il\u00e7esinden 82 ki\u015filik kad\u0131n kafilesi, Manisa\u2019ya geldi. Han\u0131mlar Aile \u00c7ay Bah\u00e7esi\u2019nde B\u00fcy\u00fck\u015fehir Belediyesi yetkilileri taraf\u0131ndan kar\u015f\u0131lanan kad\u0131nlar, kahvalt\u0131 ikram\u0131n\u0131n ard\u0131ndan T\u0131p Tarihi M\u00fczesi ve Uluslararas\u0131 Mesir Macunu Festivali\u2019ne ev sahipli\u011fi yapan Hafsa Sultan Camii\u2019ni ziyaret ederek bu mek\u00e2nlar\u0131n tarihi \u00f6nemi hakk\u0131nda bilgi ald\u0131. Mimar Sinan\u2019\u0131n Ege B\u00f6lgesi\u2019ndeki tek eseri olan Muradiye Camii, gezi program\u0131n\u0131n dikkat \u00e7eken duraklar\u0131 aras\u0131ndayd\u0131.<\/p>\n<p>Manisa\u2019n\u0131n tarihi ve k\u00fclt\u00fcrel miras\u0131n\u0131 yak\u0131ndan tan\u0131d\u0131lar<br \/>\n<br \/>Kad\u0131nlar, ayr\u0131ca, Mevlevihane\u2019de \u015fehrin e\u015fsiz manzaras\u0131n\u0131 izleme f\u0131rsat\u0131 buldu. A\u011flayan Kaya ve Dioramik Mesir M\u00fczesi gibi mek\u00e2nlar da ziyaret\u00e7ilerden yo\u011fun ilgi g\u00f6rd\u00fc. Masal Park\u0131 ve \u015eehzadeler Park\u2019taki minyat\u00fcr eserler ise hayranl\u0131kla incelendi. Program\u0131n \u00f6\u011fleden sonraki b\u00f6l\u00fcm\u00fcnde, Osmanl\u0131 M\u00fczesi ve \u0130rfan Meclisi gibi \u00f6nemli k\u00fclt\u00fcrel noktalar ziyaret edildi. Keyifli bir g\u00fcn ge\u00e7iren Demircili kad\u0131nlar, Manisa\u2019n\u0131n tarihi ve k\u00fclt\u00fcrel miras\u0131n\u0131 yak\u0131ndan tan\u0131ma f\u0131rsat\u0131 buldu.<br \/>\n<br \/><img fetchpriority=\"high\" decoding=\"async\" width=\"1280\" height=\"853\" src=\"https:\/\/www.egemtv.com\/wp-content\/uploads\/2025\/01\/demircili-kadinlar-manisayi-gezdi_fc706a85bedf.jpg\" class=\"attachment-full size-full not-transparent\" alt=\"\" data-has-transparency=\"false\" data-dominant-color=\"948f8e\" style=\"--dominant-color: #948f8e\" \/><img decoding=\"async\" width=\"1280\" height=\"853\" src=\"https:\/\/www.egemtv.com\/wp-content\/uploads\/2025\/01\/demircili-kadinlar-manisayi-gezdi_1352a8c1638a.jpg\" class=\"attachment-full size-full not-transparent\" alt=\"\" data-has-transparency=\"false\" data-dominant-color=\"76716b\" style=\"--dominant-color: #76716b\" \/><img decoding=\"async\" width=\"1280\" height=\"853\" src=\"https:\/\/www.egemtv.com\/wp-content\/uploads\/2025\/01\/demircili-kadinlar-manisayi-gezdi_5296bfca7d06.jpg\" class=\"attachment-full size-full not-transparent\" alt=\"\" data-has-transparency=\"false\" data-dominant-color=\"9e9a97\" style=\"--dominant-color: #9e9a97\" \/><img loading=\"lazy\" decoding=\"async\" width=\"1280\" height=\"853\" src=\"https:\/\/www.egemtv.com\/wp-content\/uploads\/2025\/01\/demircili-kadinlar-manisayi-gezdi_ff02bbad6414.jpg\" class=\"attachment-full size-full not-transparent\" alt=\"\" data-has-transparency=\"false\" data-dominant-color=\"b4b3a3\" style=\"--dominant-color: #b4b3a3\" \/><\/p>\n","protected":false},"excerpt":{"rendered":"<p>Manisa B\u00fcy\u00fck\u015fehir Belediyesi, sosyal belediyecilik anlay\u0131\u015f\u0131 ile kad\u0131nlar\u0131n sosyal ya\u015famla daha g\u00fc\u00e7l\u00fc bir ba\u011f kurmalar\u0131n\u0131, toplumsal hayata e\u015fit kat\u0131l\u0131m\u0131n\u0131, sa\u011flamak ve kentin tarihini tan\u0131tmak amac\u0131yla ba\u015flatt\u0131\u011f\u0131 Ad\u0131m Ad\u0131m Manisa projesi kapsam\u0131nda Demircili 82 ki\u015filik kad\u0131n kafilesini a\u011f\u0131rlad\u0131. Demircili kad\u0131nlar, Manisa\u2019n\u0131n tarihi ve k\u00fclt\u00fcrel de\u011ferleriyle dolu \u00f6nemli noktalar\u0131n\u0131 ziyaret etti; keyifli bir g\u00fcn ge\u00e7irdi. Ad\u0131m ad\u0131m&#8230;<\/p>\n","protected":false},"author":1,"featured_media":6803,"comment_status":"open","ping_status":"open","sticky":false,"template":"","format":"standard","meta":{"_crdt_document":"","footnotes":""},"categories":[1],"tags":[],"class_list":["post-6802","post","type-post","status-publish","format-standard","has-post-thumbnail","hentry","category-guncel"],"_links":{"self":[{"href":"https:\/\/www.egemtv.com\/index.php?rest_route=\/wp\/v2\/posts\/6802","targetHints":{"allow":["GET"]}}],"collection":[{"href":"https:\/\/www.egemtv.com\/index.php?rest_route=\/wp\/v2\/posts"}],"about":[{"href":"https:\/\/www.egemtv.com\/index.php?rest_route=\/wp\/v2\/types\/post"}],"author":[{"embeddable":true,"href":"https:\/\/www.egemtv.com\/index.php?rest_route=\/wp\/v2\/users\/1"}],"replies":[{"embeddable":true,"href":"https:\/\/www.egemtv.com\/index.php?rest_route=%2Fwp%2Fv2%2Fcomments&post=6802"}],"version-history":[{"count":1,"href":"https:\/\/www.egemtv.com\/index.php?rest_route=\/wp\/v2\/posts\/6802\/revisions"}],"predecessor-version":[{"id":6808,"href":"https:\/\/www.egemtv.com\/index.php?rest_route=\/wp\/v2\/posts\/6802\/revisions\/6808"}],"wp:featuredmedia":[{"embeddable":true,"href":"https:\/\/www.egemtv.com\/index.php?rest_route=\/wp\/v2\/media\/6803"}],"wp:attachment":[{"href":"https:\/\/www.egemtv.com\/index.php?rest_route=%2Fwp%2Fv2%2Fmedia&parent=6802"}],"wp:term":[{"taxonomy":"category","embeddable":true,"href":"https:\/\/www.egemtv.com\/index.php?rest_route=%2Fwp%2Fv2%2Fcategories&post=6802"},{"taxonomy":"post_tag","embeddable":true,"href":"https:\/\/www.egemtv.com\/index.php?rest_route=%2Fwp%2Fv2%2Ftags&post=6802"}],"curies":[{"name":"wp","href":"https:\/\/api.w.org\/{rel}","templated":true}]}}