{"id":67985,"date":"2025-11-15T11:56:50","date_gmt":"2025-11-15T08:56:50","guid":{"rendered":"https:\/\/www.egemtv.com\/?p=67985"},"modified":"2025-11-15T11:56:51","modified_gmt":"2025-11-15T08:56:51","slug":"riskli-mahallelerde-sap-asisi-calismalari-hizlandirildi","status":"publish","type":"post","link":"https:\/\/www.egemtv.com\/?p=67985","title":{"rendered":"Riskli mahallelerde \u015fap a\u015f\u0131s\u0131 \u00e7al\u0131\u015fmalar\u0131 h\u0131zland\u0131r\u0131ld\u0131"},"content":{"rendered":"<p>Ayd\u0131n\u2019\u0131n S\u00f6ke il\u00e7esindeki 7 mahallede g\u00f6r\u00fclen \u015fap vakalar\u0131n\u0131n ard\u0131ndan Tar\u0131m ve Orman M\u00fcd\u00fcrl\u00fc\u011f\u00fc, riskli mahallelerde b\u00fcy\u00fckba\u015f hayvanlara y\u00f6nelik a\u015f\u0131lama \u00e7al\u0131\u015fmalar\u0131n\u0131 h\u0131zland\u0131rd\u0131.<br \/>\n<br \/>S\u00f6ke \u0130l\u00e7e Tar\u0131m ve Orman M\u00fcd\u00fcrl\u00fc\u011f\u00fc, b\u00f6lgede g\u00f6r\u00fclen \u015fap vakalar\u0131n\u0131n ard\u0131ndan a\u015f\u0131lama \u00e7al\u0131\u015fmalar\u0131n\u0131 h\u0131zland\u0131rd\u0131. Daha \u00f6nce planl\u0131 \u015fekilde s\u00fcrd\u00fcr\u00fclen \u015fap a\u015f\u0131lamalar\u0131, hastal\u0131\u011f\u0131n tespit edildi\u011fi mahallelerde yo\u011funla\u015ft\u0131r\u0131larak devam ediyor. Bu kapsamda il\u00e7e m\u00fcd\u00fcrl\u00fc\u011f\u00fc taraf\u0131ndan yap\u0131lan a\u00e7\u0131klamaya g\u00f6re 17 Kas\u0131m Pazartesi g\u00fcn\u00fc G\u00fcll\u00fcbah\u00e7e, Atburgaz\u0131 ve Yuvaca mahallelerinde, 18 Kas\u0131m Sal\u0131 g\u00fcn\u00fc Tuzburgaz\u0131 ve Do\u011fanbey mahallelerinde, 19 Kas\u0131m \u00c7ar\u015famba g\u00fcn\u00fc ise Ak\u00e7akonak ve G\u00f6lbent mahallelerinde b\u00fcy\u00fckba\u015f hayvanlara \u015fap a\u015f\u0131s\u0131 uygulanacak. Yetkililer, belirtilen mahallelerde hayvanc\u0131l\u0131k yapan yeti\u015ftiricilerin program do\u011frultusunda a\u015f\u0131lamaya kat\u0131l\u0131m sa\u011flamalar\u0131n\u0131 istedi. Ayr\u0131ca a\u015f\u0131lama \u00e7al\u0131\u015fmalar\u0131n\u0131n b\u00f6lgedeki hastal\u0131k riskini azaltmay\u0131 hedefledi\u011fi ifade edildi.<br \/><\/p>\n","protected":false},"excerpt":{"rendered":"<p>Ayd\u0131n\u2019\u0131n S\u00f6ke il\u00e7esindeki 7 mahallede g\u00f6r\u00fclen \u015fap vakalar\u0131n\u0131n ard\u0131ndan Tar\u0131m ve Orman M\u00fcd\u00fcrl\u00fc\u011f\u00fc, riskli mahallelerde b\u00fcy\u00fckba\u015f hayvanlara y\u00f6nelik a\u015f\u0131lama \u00e7al\u0131\u015fmalar\u0131n\u0131 h\u0131zland\u0131rd\u0131. S\u00f6ke \u0130l\u00e7e Tar\u0131m ve Orman M\u00fcd\u00fcrl\u00fc\u011f\u00fc, b\u00f6lgede g\u00f6r\u00fclen \u015fap vakalar\u0131n\u0131n ard\u0131ndan a\u015f\u0131lama \u00e7al\u0131\u015fmalar\u0131n\u0131 h\u0131zland\u0131rd\u0131. Daha \u00f6nce planl\u0131 \u015fekilde s\u00fcrd\u00fcr\u00fclen \u015fap a\u015f\u0131lamalar\u0131, hastal\u0131\u011f\u0131n tespit edildi\u011fi mahallelerde yo\u011funla\u015ft\u0131r\u0131larak devam ediyor. Bu kapsamda il\u00e7e m\u00fcd\u00fcrl\u00fc\u011f\u00fc taraf\u0131ndan yap\u0131lan&#8230;<\/p>\n","protected":false},"author":1,"featured_media":67986,"comment_status":"open","ping_status":"open","sticky":false,"template":"","format":"standard","meta":{"_crdt_document":"","footnotes":""},"categories":[1],"tags":[],"class_list":["post-67985","post","type-post","status-publish","format-standard","has-post-thumbnail","hentry","category-guncel"],"_links":{"self":[{"href":"https:\/\/www.egemtv.com\/index.php?rest_route=\/wp\/v2\/posts\/67985","targetHints":{"allow":["GET"]}}],"collection":[{"href":"https:\/\/www.egemtv.com\/index.php?rest_route=\/wp\/v2\/posts"}],"about":[{"href":"https:\/\/www.egemtv.com\/index.php?rest_route=\/wp\/v2\/types\/post"}],"author":[{"embeddable":true,"href":"https:\/\/www.egemtv.com\/index.php?rest_route=\/wp\/v2\/users\/1"}],"replies":[{"embeddable":true,"href":"https:\/\/www.egemtv.com\/index.php?rest_route=%2Fwp%2Fv2%2Fcomments&post=67985"}],"version-history":[{"count":1,"href":"https:\/\/www.egemtv.com\/index.php?rest_route=\/wp\/v2\/posts\/67985\/revisions"}],"predecessor-version":[{"id":67987,"href":"https:\/\/www.egemtv.com\/index.php?rest_route=\/wp\/v2\/posts\/67985\/revisions\/67987"}],"wp:featuredmedia":[{"embeddable":true,"href":"https:\/\/www.egemtv.com\/index.php?rest_route=\/wp\/v2\/media\/67986"}],"wp:attachment":[{"href":"https:\/\/www.egemtv.com\/index.php?rest_route=%2Fwp%2Fv2%2Fmedia&parent=67985"}],"wp:term":[{"taxonomy":"category","embeddable":true,"href":"https:\/\/www.egemtv.com\/index.php?rest_route=%2Fwp%2Fv2%2Fcategories&post=67985"},{"taxonomy":"post_tag","embeddable":true,"href":"https:\/\/www.egemtv.com\/index.php?rest_route=%2Fwp%2Fv2%2Ftags&post=67985"}],"curies":[{"name":"wp","href":"https:\/\/api.w.org\/{rel}","templated":true}]}}