{"id":6798,"date":"2025-01-11T11:54:17","date_gmt":"2025-01-11T08:54:17","guid":{"rendered":"https:\/\/www.egemtv.com\/?p=6798"},"modified":"2025-01-11T11:54:19","modified_gmt":"2025-01-11T08:54:19","slug":"baskan-eyup-kahveci-kadinlarimiz-her-meslegi-basariyla-icra-edebilir","status":"publish","type":"post","link":"https:\/\/www.egemtv.com\/?p=6798","title":{"rendered":"Ba\u015fkan Ey\u00fcp Kahveci: &#8220;Kad\u0131nlar\u0131m\u0131z her mesle\u011fi ba\u015far\u0131yla icra edebilir&#8221;"},"content":{"rendered":"<p>K\u00fctahya Belediye Ba\u015fkan\u0131 Ey\u00fcp Kahveci, \u0130stanbul Gedik \u00dcniversitesi ile K\u00fctahya Ticaret ve Sanayi Odas\u0131 (KUTSO) i\u015f birli\u011fiyle hayata ge\u00e7irilen \u201cKad\u0131n Kaynak\u00e7\u0131 Yeti\u015ftirme Projesi\u201d kapsam\u0131nda d\u00fczenlenen sertifika t\u00f6renine kat\u0131ld\u0131.<br \/>\n<br \/>T\u00f6rende konu\u015fan Ba\u015fkan Kahveci, kad\u0131nlar\u0131n i\u015f g\u00fcc\u00fcne kat\u0131l\u0131m\u0131n\u0131n art\u0131r\u0131lmas\u0131n\u0131n \u00f6nemine vurgu yaparak, \u201cSanayiden \u00fcretime, teknolojiden inovasyona her alanda s\u00fcrd\u00fcr\u00fclebilir kalk\u0131nmay\u0131 hedefliyorsak, kad\u0131nlar\u0131m\u0131z\u0131n bu s\u00fcre\u00e7te yer almas\u0131 ka\u00e7\u0131n\u0131lmazd\u0131r. Hi\u00e7bir i\u015f, hi\u00e7bir meslek yaln\u0131zca bir cinsiyete ait de\u011fildir\u201d dedi.<br \/>\n<br \/>Kad\u0131nlar\u0131n her meslekte ba\u015far\u0131l\u0131 olabilece\u011fini belirten Ba\u015fkan Kahveci, \u201cKad\u0131n yapamaz, kad\u0131na uygun de\u011fil\u201d gibi anlay\u0131\u015flar\u0131n tamamen bertaraf edilmesi gerekti\u011fini ifade etti. Kahveci, \u201cBu projeyle kad\u0131nlar\u0131m\u0131z i\u00e7in ger\u00e7ek bir ba\u015far\u0131 hikayesi yaz\u0131l\u0131yor. Kat\u0131l\u0131mc\u0131lara y\u00fczde 100 istihdam sa\u011flanmas\u0131 ise b\u00fcy\u00fck bir ba\u015far\u0131\u201d diye konu\u015ftu.<br \/>\n<br \/>Kad\u0131nlar\u0131n g\u00fcc\u00fcnden ilham alan projeleri desteklemeye devam edece\u011fini belirten Ba\u015fkan Kahveci, e\u011fitimlerini tamamlayan ve sertifika almaya hak kazanan kad\u0131nlar\u0131 tebrik etti.<br \/>\n<br \/><img fetchpriority=\"high\" decoding=\"async\" width=\"1066\" height=\"499\" src=\"https:\/\/www.egemtv.com\/wp-content\/uploads\/2025\/01\/baskan-eyup-kahveci-kadinlarimiz-her-meslegi-basariyla-icra-edebilir_d4cdb67df1e4.jpg\" class=\"attachment-full size-full not-transparent\" alt=\"\" data-has-transparency=\"false\" data-dominant-color=\"55463a\" style=\"--dominant-color: #55463a\" \/><\/p>\n","protected":false},"excerpt":{"rendered":"<p>K\u00fctahya Belediye Ba\u015fkan\u0131 Ey\u00fcp Kahveci, \u0130stanbul Gedik \u00dcniversitesi ile K\u00fctahya Ticaret ve Sanayi Odas\u0131 (KUTSO) i\u015f birli\u011fiyle hayata ge\u00e7irilen \u201cKad\u0131n Kaynak\u00e7\u0131 Yeti\u015ftirme Projesi\u201d kapsam\u0131nda d\u00fczenlenen sertifika t\u00f6renine kat\u0131ld\u0131. T\u00f6rende konu\u015fan Ba\u015fkan Kahveci, kad\u0131nlar\u0131n i\u015f g\u00fcc\u00fcne kat\u0131l\u0131m\u0131n\u0131n art\u0131r\u0131lmas\u0131n\u0131n \u00f6nemine vurgu yaparak, \u201cSanayiden \u00fcretime, teknolojiden inovasyona her alanda s\u00fcrd\u00fcr\u00fclebilir kalk\u0131nmay\u0131 hedefliyorsak, kad\u0131nlar\u0131m\u0131z\u0131n bu s\u00fcre\u00e7te yer almas\u0131 ka\u00e7\u0131n\u0131lmazd\u0131r&#8230;.<\/p>\n","protected":false},"author":1,"featured_media":6799,"comment_status":"open","ping_status":"open","sticky":false,"template":"","format":"standard","meta":{"_crdt_document":"","footnotes":""},"categories":[123],"tags":[],"class_list":["post-6798","post","type-post","status-publish","format-standard","has-post-thumbnail","hentry","category-gundem"],"_links":{"self":[{"href":"https:\/\/www.egemtv.com\/index.php?rest_route=\/wp\/v2\/posts\/6798","targetHints":{"allow":["GET"]}}],"collection":[{"href":"https:\/\/www.egemtv.com\/index.php?rest_route=\/wp\/v2\/posts"}],"about":[{"href":"https:\/\/www.egemtv.com\/index.php?rest_route=\/wp\/v2\/types\/post"}],"author":[{"embeddable":true,"href":"https:\/\/www.egemtv.com\/index.php?rest_route=\/wp\/v2\/users\/1"}],"replies":[{"embeddable":true,"href":"https:\/\/www.egemtv.com\/index.php?rest_route=%2Fwp%2Fv2%2Fcomments&post=6798"}],"version-history":[{"count":1,"href":"https:\/\/www.egemtv.com\/index.php?rest_route=\/wp\/v2\/posts\/6798\/revisions"}],"predecessor-version":[{"id":6801,"href":"https:\/\/www.egemtv.com\/index.php?rest_route=\/wp\/v2\/posts\/6798\/revisions\/6801"}],"wp:featuredmedia":[{"embeddable":true,"href":"https:\/\/www.egemtv.com\/index.php?rest_route=\/wp\/v2\/media\/6799"}],"wp:attachment":[{"href":"https:\/\/www.egemtv.com\/index.php?rest_route=%2Fwp%2Fv2%2Fmedia&parent=6798"}],"wp:term":[{"taxonomy":"category","embeddable":true,"href":"https:\/\/www.egemtv.com\/index.php?rest_route=%2Fwp%2Fv2%2Fcategories&post=6798"},{"taxonomy":"post_tag","embeddable":true,"href":"https:\/\/www.egemtv.com\/index.php?rest_route=%2Fwp%2Fv2%2Ftags&post=6798"}],"curies":[{"name":"wp","href":"https:\/\/api.w.org\/{rel}","templated":true}]}}