{"id":67979,"date":"2025-11-15T11:15:01","date_gmt":"2025-11-15T08:15:01","guid":{"rendered":"https:\/\/www.egemtv.com\/?p=67979"},"modified":"2025-11-15T11:15:02","modified_gmt":"2025-11-15T08:15:02","slug":"aydinda-mandalina-hasadi-basladi","status":"publish","type":"post","link":"https:\/\/www.egemtv.com\/?p=67979","title":{"rendered":"Ayd\u0131n\u2019da mandalina hasad\u0131 ba\u015flad\u0131"},"content":{"rendered":"<p>Ayd\u0131n\u2019\u0131n Ku\u015fadas\u0131 il\u00e7esinde mandalina hasad\u0131 ba\u015flarken il tar\u0131m m\u00fcd\u00fcrl\u00fc\u011f\u00fc yetkilileri hasat b\u00f6lgesinde incelemelerde bulundu.<\/p>\n<p>Ayd\u0131n \u0130l Tar\u0131m ve Orman M\u00fcd\u00fcr\u00fc Ayhan Temiz, Ku\u015fadas\u0131 ve G\u00fczel\u00e7aml\u0131 b\u00f6lgesinde bulunan mandalina bah\u00e7elerinde incelemelerde bulundu. Almanya\u2019ya ihracat\u0131 yap\u0131lan mandalinalar\u0131n hasad\u0131na kat\u0131lan Temiz, \u00fcreticilerle birlikte mandalina toplayarak bereketli sezon dileklerini iletti.<\/p>\n<p>Ayd\u0131n \u0130l Tar\u0131m ve Orman M\u00fcd\u00fcrl\u00fc\u011f\u00fc\u2019nden yap\u0131lan a\u00e7\u0131klamada, &#8220;Ayd\u0131n tar\u0131m\u0131 i\u00e7in sahada, \u00fcreticimizin yan\u0131nda olmaya devam ediyoruz&#8221; denildi.<br \/><\/p>\n","protected":false},"excerpt":{"rendered":"<p>Ayd\u0131n\u2019\u0131n Ku\u015fadas\u0131 il\u00e7esinde mandalina hasad\u0131 ba\u015flarken il tar\u0131m m\u00fcd\u00fcrl\u00fc\u011f\u00fc yetkilileri hasat b\u00f6lgesinde incelemelerde bulundu. Ayd\u0131n \u0130l Tar\u0131m ve Orman M\u00fcd\u00fcr\u00fc Ayhan Temiz, Ku\u015fadas\u0131 ve G\u00fczel\u00e7aml\u0131 b\u00f6lgesinde bulunan mandalina bah\u00e7elerinde incelemelerde bulundu. Almanya\u2019ya ihracat\u0131 yap\u0131lan mandalinalar\u0131n hasad\u0131na kat\u0131lan Temiz, \u00fcreticilerle birlikte mandalina toplayarak bereketli sezon dileklerini iletti. Ayd\u0131n \u0130l Tar\u0131m ve Orman M\u00fcd\u00fcrl\u00fc\u011f\u00fc\u2019nden yap\u0131lan a\u00e7\u0131klamada, &#8220;Ayd\u0131n&#8230;<\/p>\n","protected":false},"author":1,"featured_media":67980,"comment_status":"open","ping_status":"open","sticky":false,"template":"","format":"standard","meta":{"_crdt_document":"","footnotes":""},"categories":[1],"tags":[],"class_list":["post-67979","post","type-post","status-publish","format-standard","has-post-thumbnail","hentry","category-guncel"],"_links":{"self":[{"href":"https:\/\/www.egemtv.com\/index.php?rest_route=\/wp\/v2\/posts\/67979","targetHints":{"allow":["GET"]}}],"collection":[{"href":"https:\/\/www.egemtv.com\/index.php?rest_route=\/wp\/v2\/posts"}],"about":[{"href":"https:\/\/www.egemtv.com\/index.php?rest_route=\/wp\/v2\/types\/post"}],"author":[{"embeddable":true,"href":"https:\/\/www.egemtv.com\/index.php?rest_route=\/wp\/v2\/users\/1"}],"replies":[{"embeddable":true,"href":"https:\/\/www.egemtv.com\/index.php?rest_route=%2Fwp%2Fv2%2Fcomments&post=67979"}],"version-history":[{"count":1,"href":"https:\/\/www.egemtv.com\/index.php?rest_route=\/wp\/v2\/posts\/67979\/revisions"}],"predecessor-version":[{"id":67981,"href":"https:\/\/www.egemtv.com\/index.php?rest_route=\/wp\/v2\/posts\/67979\/revisions\/67981"}],"wp:featuredmedia":[{"embeddable":true,"href":"https:\/\/www.egemtv.com\/index.php?rest_route=\/wp\/v2\/media\/67980"}],"wp:attachment":[{"href":"https:\/\/www.egemtv.com\/index.php?rest_route=%2Fwp%2Fv2%2Fmedia&parent=67979"}],"wp:term":[{"taxonomy":"category","embeddable":true,"href":"https:\/\/www.egemtv.com\/index.php?rest_route=%2Fwp%2Fv2%2Fcategories&post=67979"},{"taxonomy":"post_tag","embeddable":true,"href":"https:\/\/www.egemtv.com\/index.php?rest_route=%2Fwp%2Fv2%2Ftags&post=67979"}],"curies":[{"name":"wp","href":"https:\/\/api.w.org\/{rel}","templated":true}]}}