{"id":67976,"date":"2025-11-15T11:15:00","date_gmt":"2025-11-15T08:15:00","guid":{"rendered":"https:\/\/www.egemtv.com\/?p=67976"},"modified":"2025-11-15T11:15:01","modified_gmt":"2025-11-15T08:15:01","slug":"kecileri-ile-tatil-yapiyor","status":"publish","type":"post","link":"https:\/\/www.egemtv.com\/?p=67976","title":{"rendered":"Ke\u00e7ileri ile tatil yap\u0131yor"},"content":{"rendered":"<p>Ayd\u0131n\u2019\u0131n Didim il\u00e7esine \u00c7orum\u2019dan tatile gelen 71 ya\u015f\u0131ndaki Aslan Arslan, tatilde k\u00f6y hayat\u0131n\u0131 \u00f6zleyince ke\u00e7i edindi. Ke\u00e7ileri ve tavuklar\u0131 sayesinde hem daha sa\u011fl\u0131kl\u0131 beslendi\u011fini hem de tatilini \u00e7ok sevdi\u011fi hayvanlar\u0131 ile ge\u00e7iren Arslan, &#8220;\u00c7ocukluk ve gen\u00e7lik y\u0131llar\u0131m hayvanc\u0131l\u0131kla ge\u00e7ti. Emeklilik hayat\u0131mda da hayvanlar\u0131mdan vazge\u00e7emedim. \u015eimdi ke\u00e7ilerimle daha sa\u011fl\u0131kl\u0131 ve mutluyum&#8221; dedi.<\/p>\n<p>Edinilen bilgiye g\u00f6re; \u00e7al\u0131\u015fma hayat\u0131 boyunca hayvanc\u0131l\u0131k ve saman i\u015fleri al\u0131\u015fveri\u015fi ile u\u011fra\u015fan 71 ya\u015f\u0131ndaki Aslan Arslan, yakla\u015f\u0131k 10 y\u0131l \u00f6nce emekli olup \u00e7al\u0131\u015fmay\u0131 b\u0131rak\u0131nca Didim\u2019e tatile geldi. Didim\u2019i ve b\u00f6lgenin havas\u0131n\u0131 \u00e7ok seven Arslan, bir s\u00fcre tatil yapt\u0131ktan sonra bo\u015f durmaktan s\u0131k\u0131l\u0131p eski hayat\u0131n\u0131 \u00f6zledi. Ailesi ile birlikte geldi\u011fi Didim\u2019den geri d\u00f6n\u00fc\u015f yapamayan 71 ya\u015f\u0131ndaki Aslan Arslan, bu defa yazl\u0131\u011f\u0131n\u0131n bulundu\u011fu b\u00f6lgeye yak\u0131n bir b\u00f6lgeden arazi al\u0131p k\u00f6y hayat\u0131 ya\u015famaya ba\u015flad\u0131.<\/p>\n<p>&#8220;Ke\u00e7ilerimle daha sa\u011fl\u0131kl\u0131 ve mutluyum&#8221;<br \/>\n<br \/>\u0130nsano\u011flunun al\u0131\u015fkanl\u0131klar\u0131ndan vazge\u00e7mesinin zor oldu\u011funu ve \u00f6zellikle ya\u015fl\u0131l\u0131kta herkesin keyif ald\u0131\u011f\u0131 u\u011fra\u015flarla vaktini ge\u00e7irmesini tavsiye eden Aslan Arslan, &#8220;Asl\u0131nda Didim\u2019e emekli olduktan sonra kalan \u00f6mr\u00fcm\u00fc tatil yaparak ge\u00e7irmek i\u00e7in gelmi\u015ftim. Bir s\u00fcre dinlenip tatil yapt\u0131ktan sonra s\u0131k\u0131ld\u0131m. Marketten ald\u0131\u011f\u0131m s\u00fct ve s\u00fct \u00fcr\u00fcnlerinde eski tad\u0131 bulamaz oldum. Bunun \u00fczerine yazl\u0131k evimin yak\u0131n\u0131nda bir bah\u00e7e ald\u0131m. Daha sonra da birka\u00e7 ke\u00e7i ile tavuk edindim. Bah\u00e7eme de kendi yiyece\u011fim sebze ve meyveyi yeti\u015ftirmeye ba\u015flad\u0131m. \u015eu anda iki ke\u00e7inin s\u00fct\u00fc ile t\u00fcm ailemizin s\u00fct, yo\u011furt ve peynir ihtiyac\u0131n\u0131 kar\u015f\u0131l\u0131yoruz. Ke\u00e7ilerim sayesinde hayat\u0131m yeninden d\u00fczene girdi. Gen\u00e7li\u011fimde ihtiya\u00e7tan dolay\u0131 yapt\u0131\u011f\u0131m bu i\u015fi \u015fimdi keyif i\u00e7in yap\u0131yorum. Emeklili\u011finde s\u0131k\u0131lan herkese de hayvan edinip ba\u011f bah\u00e7e i\u015fleri ile u\u011fra\u015fmas\u0131na tavsiye ederim&#8221; diye konu\u015ftu.<br \/><\/p>\n","protected":false},"excerpt":{"rendered":"<p>Ayd\u0131n\u2019\u0131n Didim il\u00e7esine \u00c7orum\u2019dan tatile gelen 71 ya\u015f\u0131ndaki Aslan Arslan, tatilde k\u00f6y hayat\u0131n\u0131 \u00f6zleyince ke\u00e7i edindi. Ke\u00e7ileri ve tavuklar\u0131 sayesinde hem daha sa\u011fl\u0131kl\u0131 beslendi\u011fini hem de tatilini \u00e7ok sevdi\u011fi hayvanlar\u0131 ile ge\u00e7iren Arslan, &#8220;\u00c7ocukluk ve gen\u00e7lik y\u0131llar\u0131m hayvanc\u0131l\u0131kla ge\u00e7ti. Emeklilik hayat\u0131mda da hayvanlar\u0131mdan vazge\u00e7emedim. \u015eimdi ke\u00e7ilerimle daha sa\u011fl\u0131kl\u0131 ve mutluyum&#8221; dedi. Edinilen bilgiye g\u00f6re; \u00e7al\u0131\u015fma&#8230;<\/p>\n","protected":false},"author":1,"featured_media":67977,"comment_status":"open","ping_status":"open","sticky":false,"template":"","format":"standard","meta":{"_crdt_document":"","footnotes":""},"categories":[123],"tags":[],"class_list":["post-67976","post","type-post","status-publish","format-standard","has-post-thumbnail","hentry","category-gundem"],"_links":{"self":[{"href":"https:\/\/www.egemtv.com\/index.php?rest_route=\/wp\/v2\/posts\/67976","targetHints":{"allow":["GET"]}}],"collection":[{"href":"https:\/\/www.egemtv.com\/index.php?rest_route=\/wp\/v2\/posts"}],"about":[{"href":"https:\/\/www.egemtv.com\/index.php?rest_route=\/wp\/v2\/types\/post"}],"author":[{"embeddable":true,"href":"https:\/\/www.egemtv.com\/index.php?rest_route=\/wp\/v2\/users\/1"}],"replies":[{"embeddable":true,"href":"https:\/\/www.egemtv.com\/index.php?rest_route=%2Fwp%2Fv2%2Fcomments&post=67976"}],"version-history":[{"count":1,"href":"https:\/\/www.egemtv.com\/index.php?rest_route=\/wp\/v2\/posts\/67976\/revisions"}],"predecessor-version":[{"id":67978,"href":"https:\/\/www.egemtv.com\/index.php?rest_route=\/wp\/v2\/posts\/67976\/revisions\/67978"}],"wp:featuredmedia":[{"embeddable":true,"href":"https:\/\/www.egemtv.com\/index.php?rest_route=\/wp\/v2\/media\/67977"}],"wp:attachment":[{"href":"https:\/\/www.egemtv.com\/index.php?rest_route=%2Fwp%2Fv2%2Fmedia&parent=67976"}],"wp:term":[{"taxonomy":"category","embeddable":true,"href":"https:\/\/www.egemtv.com\/index.php?rest_route=%2Fwp%2Fv2%2Fcategories&post=67976"},{"taxonomy":"post_tag","embeddable":true,"href":"https:\/\/www.egemtv.com\/index.php?rest_route=%2Fwp%2Fv2%2Ftags&post=67976"}],"curies":[{"name":"wp","href":"https:\/\/api.w.org\/{rel}","templated":true}]}}