{"id":67973,"date":"2025-11-15T11:14:59","date_gmt":"2025-11-15T08:14:59","guid":{"rendered":"https:\/\/www.egemtv.com\/?p=67973"},"modified":"2025-11-15T11:15:00","modified_gmt":"2025-11-15T08:15:00","slug":"uladaki-kazada-agir-yaralanan-kadin-hayatini-kaybetti","status":"publish","type":"post","link":"https:\/\/www.egemtv.com\/?p=67973","title":{"rendered":"Ula\u2019daki kazada a\u011f\u0131r yaralanan kad\u0131n hayat\u0131n\u0131 kaybetti"},"content":{"rendered":"<p>Mu\u011fla\u2019n\u0131n Ula il\u00e7esinde beton bariyere \u00e7arpan arac\u0131n i\u00e7indeki kad\u0131n hayat\u0131n\u0131 kaybetti.<\/p>\n<p>Edinilen bilgiye g\u00f6re, gece saatlerinde meydana gelen kazada, iddiaya g\u00f6re 48 ER 103 plakal\u0131 otomobil s\u00fcr\u00fcc\u00fcs\u00fcn\u00fcn direksiyon hakimiyetini kaybetmesi sonucu ara\u00e7 yol kenar\u0131ndaki beton bariyerlere \u00e7arpt\u0131. \u0130hbar \u00fczerine b\u00f6lgeye g\u00fcvenlik g\u00fc\u00e7leri ve sa\u011fl\u0131k ekipleri sevk edildi. Yaral\u0131lar Mu\u011fla E\u011fitim ve Ara\u015ft\u0131rma Hastanesi\u2019ne kald\u0131r\u0131l\u0131rken, ara\u00e7ta bulunan D.B. adl\u0131 kad\u0131n\u0131n durumunun a\u011f\u0131r oldu\u011fu belirtildi. D.B., hastanede yap\u0131lan t\u00fcm m\u00fcdahalelere ra\u011fmen hayat\u0131n\u0131 kaybetti. S\u00fcr\u00fcc\u00fcn\u00fcn ise hayati tehlikesinin bulunmad\u0131\u011f\u0131 ifade edildi.<br \/>\n<br \/>Kazayla ilgili soru\u015fturma s\u00fcr\u00fcyor.<br \/><\/p>\n","protected":false},"excerpt":{"rendered":"<p>Mu\u011fla\u2019n\u0131n Ula il\u00e7esinde beton bariyere \u00e7arpan arac\u0131n i\u00e7indeki kad\u0131n hayat\u0131n\u0131 kaybetti. Edinilen bilgiye g\u00f6re, gece saatlerinde meydana gelen kazada, iddiaya g\u00f6re 48 ER 103 plakal\u0131 otomobil s\u00fcr\u00fcc\u00fcs\u00fcn\u00fcn direksiyon hakimiyetini kaybetmesi sonucu ara\u00e7 yol kenar\u0131ndaki beton bariyerlere \u00e7arpt\u0131. \u0130hbar \u00fczerine b\u00f6lgeye g\u00fcvenlik g\u00fc\u00e7leri ve sa\u011fl\u0131k ekipleri sevk edildi. Yaral\u0131lar Mu\u011fla E\u011fitim ve Ara\u015ft\u0131rma Hastanesi\u2019ne kald\u0131r\u0131l\u0131rken, ara\u00e7ta&#8230;<\/p>\n","protected":false},"author":1,"featured_media":67974,"comment_status":"open","ping_status":"open","sticky":false,"template":"","format":"standard","meta":{"_crdt_document":"","footnotes":""},"categories":[5],"tags":[],"class_list":["post-67973","post","type-post","status-publish","format-standard","has-post-thumbnail","hentry","category-asayis"],"_links":{"self":[{"href":"https:\/\/www.egemtv.com\/index.php?rest_route=\/wp\/v2\/posts\/67973","targetHints":{"allow":["GET"]}}],"collection":[{"href":"https:\/\/www.egemtv.com\/index.php?rest_route=\/wp\/v2\/posts"}],"about":[{"href":"https:\/\/www.egemtv.com\/index.php?rest_route=\/wp\/v2\/types\/post"}],"author":[{"embeddable":true,"href":"https:\/\/www.egemtv.com\/index.php?rest_route=\/wp\/v2\/users\/1"}],"replies":[{"embeddable":true,"href":"https:\/\/www.egemtv.com\/index.php?rest_route=%2Fwp%2Fv2%2Fcomments&post=67973"}],"version-history":[{"count":1,"href":"https:\/\/www.egemtv.com\/index.php?rest_route=\/wp\/v2\/posts\/67973\/revisions"}],"predecessor-version":[{"id":67975,"href":"https:\/\/www.egemtv.com\/index.php?rest_route=\/wp\/v2\/posts\/67973\/revisions\/67975"}],"wp:featuredmedia":[{"embeddable":true,"href":"https:\/\/www.egemtv.com\/index.php?rest_route=\/wp\/v2\/media\/67974"}],"wp:attachment":[{"href":"https:\/\/www.egemtv.com\/index.php?rest_route=%2Fwp%2Fv2%2Fmedia&parent=67973"}],"wp:term":[{"taxonomy":"category","embeddable":true,"href":"https:\/\/www.egemtv.com\/index.php?rest_route=%2Fwp%2Fv2%2Fcategories&post=67973"},{"taxonomy":"post_tag","embeddable":true,"href":"https:\/\/www.egemtv.com\/index.php?rest_route=%2Fwp%2Fv2%2Ftags&post=67973"}],"curies":[{"name":"wp","href":"https:\/\/api.w.org\/{rel}","templated":true}]}}