{"id":67970,"date":"2025-11-15T10:54:40","date_gmt":"2025-11-15T07:54:40","guid":{"rendered":"https:\/\/www.egemtv.com\/?p=67970"},"modified":"2025-11-15T10:54:41","modified_gmt":"2025-11-15T07:54:41","slug":"turkiye-ve-kktc-ozel-harekatindan-ortak-mesaj-bir-gece-ansizin-gelebiliriz","status":"publish","type":"post","link":"https:\/\/www.egemtv.com\/?p=67970","title":{"rendered":"T\u00fcrkiye ve KKTC \u00d6zel Harekat\u0131\u2019ndan ortak mesaj: &#8220;Bir gece ans\u0131z\u0131n gelebiliriz&#8221;"},"content":{"rendered":"<p>T\u00fcrkiye Cumhuriyeti Emniyet Genel M\u00fcd\u00fcrl\u00fc\u011f\u00fc \u00d6zel Harekat Ba\u015fkanl\u0131\u011f\u0131 ile KKTC Polis \u00d6zel Harekat M\u00fcd\u00fcrl\u00fc\u011f\u00fc ekipleri, Ayd\u0131n\u2019\u0131n Didim il\u00e7esinde 2025 Su Alt\u0131 Operasyon Birli\u011fi Tatbikat\u0131n\u0131 ba\u015far\u0131yla ger\u00e7ekle\u015ftirdi.<br \/>\n<br \/>Tatbikat kapsam\u0131nda su alt\u0131 ve su \u00fcst\u00fc intikali, kritik b\u00f6lgeye yakla\u015fma ve m\u00fcdahale prosed\u00fcrleri uyguland\u0131. Senaryo gere\u011fi ger\u00e7ekle\u015ftirilen operasyon, iki te\u015fkilat\u0131n ortak koordinasyonunu ve kar\u015f\u0131l\u0131kl\u0131 tecr\u00fcbe payla\u015f\u0131m\u0131n\u0131 en \u00fcst seviyede test etti.<br \/>\n<br \/>Yetkililer, bu \u00e7al\u0131\u015fmalar\u0131n m\u00fc\u015fterek g\u00f6revlerde etkinli\u011fi art\u0131rmay\u0131 hedefleyen \u00f6nemli bir ad\u0131m oldu\u011funu vurgulad\u0131. Tatbikat, iki karde\u015f \u00fclkenin emniyet birimlerinin g\u00fcvenlik, dayan\u0131\u015fma ve ortak g\u00f6rev bilincini bir kez daha g\u00fc\u00e7l\u00fc \u015fekilde ortaya koydu.<br \/><\/p>\n","protected":false},"excerpt":{"rendered":"<p>T\u00fcrkiye Cumhuriyeti Emniyet Genel M\u00fcd\u00fcrl\u00fc\u011f\u00fc \u00d6zel Harekat Ba\u015fkanl\u0131\u011f\u0131 ile KKTC Polis \u00d6zel Harekat M\u00fcd\u00fcrl\u00fc\u011f\u00fc ekipleri, Ayd\u0131n\u2019\u0131n Didim il\u00e7esinde 2025 Su Alt\u0131 Operasyon Birli\u011fi Tatbikat\u0131n\u0131 ba\u015far\u0131yla ger\u00e7ekle\u015ftirdi. Tatbikat kapsam\u0131nda su alt\u0131 ve su \u00fcst\u00fc intikali, kritik b\u00f6lgeye yakla\u015fma ve m\u00fcdahale prosed\u00fcrleri uyguland\u0131. Senaryo gere\u011fi ger\u00e7ekle\u015ftirilen operasyon, iki te\u015fkilat\u0131n ortak koordinasyonunu ve kar\u015f\u0131l\u0131kl\u0131 tecr\u00fcbe payla\u015f\u0131m\u0131n\u0131 en \u00fcst&#8230;<\/p>\n","protected":false},"author":1,"featured_media":67971,"comment_status":"open","ping_status":"open","sticky":false,"template":"","format":"standard","meta":{"_crdt_document":"","footnotes":""},"categories":[1],"tags":[],"class_list":["post-67970","post","type-post","status-publish","format-standard","has-post-thumbnail","hentry","category-guncel"],"_links":{"self":[{"href":"https:\/\/www.egemtv.com\/index.php?rest_route=\/wp\/v2\/posts\/67970","targetHints":{"allow":["GET"]}}],"collection":[{"href":"https:\/\/www.egemtv.com\/index.php?rest_route=\/wp\/v2\/posts"}],"about":[{"href":"https:\/\/www.egemtv.com\/index.php?rest_route=\/wp\/v2\/types\/post"}],"author":[{"embeddable":true,"href":"https:\/\/www.egemtv.com\/index.php?rest_route=\/wp\/v2\/users\/1"}],"replies":[{"embeddable":true,"href":"https:\/\/www.egemtv.com\/index.php?rest_route=%2Fwp%2Fv2%2Fcomments&post=67970"}],"version-history":[{"count":1,"href":"https:\/\/www.egemtv.com\/index.php?rest_route=\/wp\/v2\/posts\/67970\/revisions"}],"predecessor-version":[{"id":67972,"href":"https:\/\/www.egemtv.com\/index.php?rest_route=\/wp\/v2\/posts\/67970\/revisions\/67972"}],"wp:featuredmedia":[{"embeddable":true,"href":"https:\/\/www.egemtv.com\/index.php?rest_route=\/wp\/v2\/media\/67971"}],"wp:attachment":[{"href":"https:\/\/www.egemtv.com\/index.php?rest_route=%2Fwp%2Fv2%2Fmedia&parent=67970"}],"wp:term":[{"taxonomy":"category","embeddable":true,"href":"https:\/\/www.egemtv.com\/index.php?rest_route=%2Fwp%2Fv2%2Fcategories&post=67970"},{"taxonomy":"post_tag","embeddable":true,"href":"https:\/\/www.egemtv.com\/index.php?rest_route=%2Fwp%2Fv2%2Ftags&post=67970"}],"curies":[{"name":"wp","href":"https:\/\/api.w.org\/{rel}","templated":true}]}}