{"id":67964,"date":"2025-11-15T10:34:53","date_gmt":"2025-11-15T07:34:53","guid":{"rendered":"https:\/\/www.egemtv.com\/?p=67964"},"modified":"2025-11-15T10:34:53","modified_gmt":"2025-11-15T07:34:53","slug":"muglanin-sampiyon-kizlarindan-konyada-efsane-kutlama-sampiyonluk-zeybek-ile-taclandi","status":"publish","type":"post","link":"https:\/\/www.egemtv.com\/?p=67964","title":{"rendered":"Mu\u011fla\u2019n\u0131n \u015fampiyon k\u0131zlar\u0131ndan Konya\u2019da efsane kutlama \u015fampiyonluk Zeybek ile ta\u00e7land\u0131"},"content":{"rendered":"<p>U13 K\u0131zlar T\u00fcrkiye Hokey \u015eampiyonas\u0131\u2019nda zirveye \u00e7\u0131kan Mu\u011fla \u0130l Karmas\u0131 Hokey Tak\u0131m\u0131, sadece sahadaki ba\u015far\u0131s\u0131yla de\u011fil, \u015fampiyonluk kutlamas\u0131yla da g\u00f6n\u00fclleri fethetti. Gen\u00e7 sporcular, kazand\u0131klar\u0131 T\u00fcrkiye \u015eampiyonlu\u011funu memleketlerinin simgesi olan Mu\u011fla zeybe\u011fi e\u015fli\u011finde kutlad\u0131.<\/p>\n<p>Konya Hokey Sahas\u0131\u2019nda oynanan finalde, ev sahibi Konya \u0130l Karmas\u0131n\u0131 4-3 yenerek T\u00fcrkiye \u015eampiyonu olan Mu\u011fla\u2019n\u0131n U13 k\u0131zlar\u0131, zaferin ard\u0131ndan b\u00fcy\u00fck bir co\u015fku ya\u015fad\u0131.  Tamam\u0131 GSB Spor Okullar\u0131 sporcular\u0131ndan olu\u015fan bu ba\u015far\u0131l\u0131 tak\u0131m, madalyalar\u0131n\u0131 ve kupalar\u0131n\u0131 ald\u0131ktan sonra, sahan\u0131n ortas\u0131nda toplanarak herkesi \u015fa\u015f\u0131rtan bir kutlamaya imza att\u0131. Gen\u00e7 sporcular, zafer \u00e7\u0131\u011fl\u0131klar\u0131 yerine, kendi k\u00fclt\u00fcrlerinin g\u00fc\u00e7l\u00fc sesi olan Mu\u011fla zeybe\u011fi m\u00fczi\u011fi e\u015fli\u011finde oynamaya ba\u015flad\u0131. \u015eampiyonluk kupas\u0131n\u0131 havaya kald\u0131ran k\u0131zlar bir yandan da zeybek oynayan k\u0131zlar\u0131n bu anlar\u0131, izleyenlerden b\u00fcy\u00fck alk\u0131\u015f toplad\u0131. Mu\u011fla\u2019n\u0131n gen\u00e7 hokeycileri, bu hareketiyle hem \u015fampiyonluk co\u015fkusunu ya\u015fad\u0131 hem de Mu\u011fla\u2019n\u0131n k\u00fclt\u00fcrel miras\u0131n\u0131 Konya\u2019da gururla sergiledi. Bu kutlama, \u015fampiyonan\u0131n en unutulmaz kareleri aras\u0131na girdi.<br \/><\/p>\n","protected":false},"excerpt":{"rendered":"<p>U13 K\u0131zlar T\u00fcrkiye Hokey \u015eampiyonas\u0131\u2019nda zirveye \u00e7\u0131kan Mu\u011fla \u0130l Karmas\u0131 Hokey Tak\u0131m\u0131, sadece sahadaki ba\u015far\u0131s\u0131yla de\u011fil, \u015fampiyonluk kutlamas\u0131yla da g\u00f6n\u00fclleri fethetti. Gen\u00e7 sporcular, kazand\u0131klar\u0131 T\u00fcrkiye \u015eampiyonlu\u011funu memleketlerinin simgesi olan Mu\u011fla zeybe\u011fi e\u015fli\u011finde kutlad\u0131. Konya Hokey Sahas\u0131\u2019nda oynanan finalde, ev sahibi Konya \u0130l Karmas\u0131n\u0131 4-3 yenerek T\u00fcrkiye \u015eampiyonu olan Mu\u011fla\u2019n\u0131n U13 k\u0131zlar\u0131, zaferin ard\u0131ndan b\u00fcy\u00fck bir&#8230;<\/p>\n","protected":false},"author":1,"featured_media":67965,"comment_status":"open","ping_status":"open","sticky":false,"template":"","format":"standard","meta":{"_crdt_document":"","footnotes":""},"categories":[1],"tags":[],"class_list":["post-67964","post","type-post","status-publish","format-standard","has-post-thumbnail","hentry","category-guncel"],"_links":{"self":[{"href":"https:\/\/www.egemtv.com\/index.php?rest_route=\/wp\/v2\/posts\/67964","targetHints":{"allow":["GET"]}}],"collection":[{"href":"https:\/\/www.egemtv.com\/index.php?rest_route=\/wp\/v2\/posts"}],"about":[{"href":"https:\/\/www.egemtv.com\/index.php?rest_route=\/wp\/v2\/types\/post"}],"author":[{"embeddable":true,"href":"https:\/\/www.egemtv.com\/index.php?rest_route=\/wp\/v2\/users\/1"}],"replies":[{"embeddable":true,"href":"https:\/\/www.egemtv.com\/index.php?rest_route=%2Fwp%2Fv2%2Fcomments&post=67964"}],"version-history":[{"count":1,"href":"https:\/\/www.egemtv.com\/index.php?rest_route=\/wp\/v2\/posts\/67964\/revisions"}],"predecessor-version":[{"id":67966,"href":"https:\/\/www.egemtv.com\/index.php?rest_route=\/wp\/v2\/posts\/67964\/revisions\/67966"}],"wp:featuredmedia":[{"embeddable":true,"href":"https:\/\/www.egemtv.com\/index.php?rest_route=\/wp\/v2\/media\/67965"}],"wp:attachment":[{"href":"https:\/\/www.egemtv.com\/index.php?rest_route=%2Fwp%2Fv2%2Fmedia&parent=67964"}],"wp:term":[{"taxonomy":"category","embeddable":true,"href":"https:\/\/www.egemtv.com\/index.php?rest_route=%2Fwp%2Fv2%2Fcategories&post=67964"},{"taxonomy":"post_tag","embeddable":true,"href":"https:\/\/www.egemtv.com\/index.php?rest_route=%2Fwp%2Fv2%2Ftags&post=67964"}],"curies":[{"name":"wp","href":"https:\/\/api.w.org\/{rel}","templated":true}]}}