{"id":67958,"date":"2025-11-15T10:34:52","date_gmt":"2025-11-15T07:34:52","guid":{"rendered":"https:\/\/www.egemtv.com\/?p=67958"},"modified":"2025-11-15T10:34:52","modified_gmt":"2025-11-15T07:34:52","slug":"pide-yemeye-gelip-salondaki-mezarlik-basinda-dua-ederek-ayriliyorlar","status":"publish","type":"post","link":"https:\/\/www.egemtv.com\/?p=67958","title":{"rendered":"Pide yemeye gelip salondaki mezarl\u0131k ba\u015f\u0131nda dua ederek ayr\u0131l\u0131yorlar"},"content":{"rendered":"<p>Isparta\u2019da bir pide salonunun i\u00e7inde yer alan mezarl\u0131k, g\u00f6renleri \u015fa\u015fk\u0131na \u00e7eviriyor. \u0130\u015fletme sahibinin sat\u0131n ald\u0131\u011f\u0131 m\u00fclk\u00fcn duvar\u0131n\u0131n hemen d\u0131\u015f\u0131nda bulunan ve y\u00f6re halk\u0131 taraf\u0131ndan &#8220;yat\u0131r&#8221; olarak bilinen mezarl\u0131k, sonradan restore edilerek d\u00fckk\u00e2n\u0131n i\u00e7ine al\u0131n\u0131yor. Uzun y\u0131llar mezar sahibinin kim oldu\u011fu bilinmemesinin ard\u0131ndan yetkililere yap\u0131lan ba\u015fvuru \u00fczerine mezar\u0131n &#8220;Ay\u0131rt Dede&#8221; olarak kay\u0131tlarda yer ald\u0131\u011f\u0131 ortaya \u00e7\u0131kt\u0131.<br \/>\n<br \/>Isparta\u2019da bir pide salonunun giri\u015f k\u0131sm\u0131nda bulunan mezar, i\u015fletmeye gelen vatanda\u015flar\u0131 hayrete d\u00fc\u015f\u00fcr\u00fcyor. \u0130\u00e7eri giren m\u00fc\u015fteriler, kar\u015f\u0131lar\u0131nda bir mezar g\u00f6r\u00fcnce ilk anda \u015fa\u015fk\u0131nl\u0131k ya\u015farken, \u00e7o\u011fu mezar\u0131n ba\u015f\u0131nda dua ederek mek\u00e2ndan ayr\u0131l\u0131yor. \u0130\u015fletme sahibinin y\u0131llar \u00f6nce sat\u0131n ald\u0131\u011f\u0131 m\u00fclk\u00fcn bah\u00e7e b\u00f6l\u00fcm\u00fcnde bulunan bu mezarl\u0131\u011f\u0131n, o d\u00f6nem d\u00fckk\u00e2n\u0131n d\u0131\u015f duvar\u0131n\u0131n hemen d\u0131\u015f\u0131nda yer ald\u0131\u011f\u0131 \u00f6\u011frenildi. \u00c7evredeki vatanda\u015flar\u0131n mezar\u0131n bir &#8220;yat\u0131r&#8221; oldu\u011funu s\u00f6ylemesi ve yap\u0131ya sayg\u0131 g\u00f6sterilmesi gerekti\u011fini belirtmesi \u00fczerine i\u015fletme sahibi mezarl\u0131\u011f\u0131 restore ederek d\u00fckk\u00e2n\u0131n i\u00e7ine al\u0131p koruma alt\u0131na ald\u0131. Kimli\u011fi uzun y\u0131llar bilinmeyen mezar\u0131n, Isparta \u0130l K\u00fclt\u00fcr ve Turizm M\u00fcd\u00fcrl\u00fc\u011f\u00fc kay\u0131tlar\u0131nda &#8220;Ay\u0131rt Dede&#8221; olarak ge\u00e7ti\u011fi belirlendi. Y\u00f6re halk\u0131n\u0131n ge\u00e7mi\u015fte k\u0131smet, \u015fifa ve adak i\u00e7in ziyaret etti\u011fi bu yap\u0131n\u0131n, b\u00f6lgenin manevi miras\u0131 aras\u0131nda \u00f6nemli bir yere sahip oldu\u011fu ifade edildi.<\/p>\n<p>&#8220;Yat\u0131r oldu\u011funu s\u00f6ylediler, biz de sayg\u0131m\u0131zdan koruma alt\u0131na ald\u0131k&#8221;<br \/>\n<br \/>\u0130hlas Haber Ajans\u0131\u2019na (\u0130HA) a\u00e7\u0131klamalarda bulunan \u0130\u015fletme Sahibi Fatih Ayverdi, &#8220;26 y\u0131ld\u0131r bu i\u015fletmeyi \u00e7al\u0131\u015ft\u0131r\u0131yoruz. \u015eu anda 45 ya\u015f\u0131nday\u0131m ve kendimi bildim bileli bu mezarl\u0131k burada bulunuyor. \u00d6nceden mezarl\u0131k daha eski durumdayd\u0131 ve i\u015fletmenin d\u0131\u015f\u0131nda, bir duvar\u0131n arkas\u0131nda a\u011fac\u0131n alt\u0131nda duruyordu. D\u00fckkan geni\u015fletilince mezarl\u0131k d\u00fckkan\u0131n i\u00e7inde kald\u0131  etraf\u0131n\u0131 d\u00fczenledik ve temizledik. O g\u00fcnden bu yana da buray\u0131 bir yat\u0131r olarak biliyoruz&#8221; \u015feklinde konu\u015ftu.<\/p>\n<p>&#8220;Gece nal sesleri, terlik t\u0131k\u0131rt\u0131lar\u0131, y\u0131llard\u0131r anlat\u0131lan hik\u00e2yeler var&#8221;<br \/>\n<br \/>Daha \u00f6nce bu b\u00f6lgede ya\u015fayanlar\u0131n kendilerine \u00e7e\u015fitli hik\u00e2yeler anlatt\u0131\u011f\u0131n\u0131 ifade eden Ayverdi, &#8220;\u00d6rne\u011fin 90 ya\u015f\u0131nda bir teyze, \u00e7ocukken geceleri terlik sesleri duydu\u011funu s\u00f6ylemi\u015fti. Ba\u015fkalar\u0131 ise geceleri bu b\u00f6lgede birinin atla dola\u015ft\u0131\u011f\u0131n\u0131, s\u00fcrekli nal sesleri geldi\u011fini anlat\u0131yordu. Burada bizden \u00f6nce bir ev vard\u0131 ve biz bu m\u00fclk\u00fc sat\u0131n ald\u0131ktan sonra i\u015fletmeye \u00e7evirdik. \u0130\u015fletmeyi kurarken de mezarl\u0131k zaten vard\u0131 ancak d\u0131\u015far\u0131da kald\u0131\u011f\u0131 i\u00e7in k\u00f6t\u00fc bir g\u00f6r\u00fcnt\u00fc olu\u015fturuyordu. Biz de i\u00e7eri al\u0131p bak\u0131m\u0131n\u0131 yapt\u0131k. Mezarl\u0131\u011f\u0131n ortas\u0131ndan ge\u00e7en bir a\u011fa\u00e7 vard\u0131, zamanla kurudu ve koruyamad\u0131\u011f\u0131m\u0131z i\u00e7in kesmek zorunda kald\u0131k&#8221; dedi.<\/p>\n<p>&#8220;Ba\u015fta korkuyorduk ama zamanla al\u0131\u015ft\u0131k ve sahip \u00e7\u0131kt\u0131k&#8221;<br \/>\n<br \/>\u0130lk y\u0131llarda i\u015fletmede \u00e7al\u0131\u015f\u0131rken ister istemez teredd\u00fct edip korktuklar\u0131n\u0131 belirten Ayverdi, &#8220;\u0130lk zamanlar biraz korkuyorduk ancak zamanla al\u0131\u015ft\u0131k. Temiz tuttuktan sonra bir zarar\u0131 olmad\u0131\u011f\u0131n\u0131 g\u00f6rd\u00fck. Art\u0131k korkmuyoruz. Her g\u00fcn kendisine bir Fatiha Suresi okuyoruz. Bu mezarl\u0131\u011f\u0131n kime ait oldu\u011funu ise bilmiyoruz. \u00c7ok ara\u015ft\u0131rd\u0131k ama bir sonu\u00e7 bulamad\u0131k. Tahminimizce yakla\u015f\u0131k 100 y\u0131ll\u0131k bir mezarl\u0131k \u00e7\u00fcnk\u00fc bu ev in\u015fa edildi\u011finden beri burada oldu\u011fu s\u00f6yleniyor&#8221; ifadelerini kulland\u0131.<\/p>\n<p>&#8220;M\u00fc\u015fteriler \u00f6nce \u015fa\u015f\u0131r\u0131yor ama \u00f6\u011frenince dua edip te\u015fekk\u00fcr ediyorlar&#8221;<br \/>\n<br \/>D\u00fckk\u00e2na gelen m\u00fc\u015fterilerin mezarl\u0131\u011f\u0131 g\u00f6r\u00fcnce \u00f6nce \u015fa\u015f\u0131rd\u0131klar\u0131n\u0131 ve teredd\u00fct ettiklerini ama sonra merak edip sorduklar\u0131nda ise durumu anlatt\u0131klar\u0131nda dua edip bu mezarl\u0131\u011fa sahip \u00e7\u0131kt\u0131klar\u0131 i\u00e7in kendilerine te\u015fekk\u00fcr ederek ayr\u0131ld\u0131klar\u0131n\u0131 belirten Ayverdi, &#8220;Daha \u00f6nce de kimli\u011finin belirlenmesi i\u00e7in \u00e7ok u\u011fra\u015ft\u0131k. \u015eimdi tekrar yetkililere seslenmek istiyorum. Bu mezarl\u0131\u011f\u0131n ara\u015ft\u0131r\u0131lmas\u0131n\u0131 istiyoruz. En az\u0131ndan kim oldu\u011fu tespit edilirse, ismini yaz\u0131p asmak ve kime dua etti\u011fimizi bilmek isteriz&#8221; dedi.<\/p>\n<p>&#8220;Bu b\u00f6lgede ya\u015fayan baz\u0131 insanlar\u0131n h\u00e2l\u00e2 geceleri birilerinin dola\u015ft\u0131\u011f\u0131n\u0131 anlat\u0131yor&#8221;<br \/>\n<br \/>Ayverdi, &#8220;Bu b\u00f6lgede ya\u015fayan baz\u0131 insanlar\u0131n h\u00e2l\u00e2 geceleri birilerinin dola\u015ft\u0131\u011f\u0131n\u0131, dolap kapaklar\u0131n\u0131n a\u00e7\u0131l\u0131p kapand\u0131\u011f\u0131n\u0131 s\u00f6ylediklerini aktar\u0131yorlar. Buras\u0131 Isparta\u2019n\u0131n en eski b\u00f6lgelerinden biri olan \u00c7elebiler Mahallesi. Zaman\u0131nda mezarl\u0131klar olmad\u0131\u011f\u0131 i\u00e7in baz\u0131 insanlar\u0131n cenazelerinin evlerinin bah\u00e7elerine defnedildi\u011fini duymu\u015ftuk. Muhtemelen bu da onlardan biri de olabilir. Buradan ge\u00e7en herkesin bu mezarl\u0131\u011fa dua etmesi ve bize te\u015fekk\u00fcr etmesi bizi duyguland\u0131r\u0131yor. M\u00fcsl\u00fcman\u0131z ve mezarl\u0131\u011f\u0131m\u0131za sahip \u00e7\u0131k\u0131yoruz. Son olarak, buras\u0131 Isparta \u00c7elebiler Mahallesi\u2019nde bulunan bir pide salonu. Bu yat\u0131r\u0131 tan\u0131yan, akrabas\u0131 olan veya hakk\u0131nda bilgi sahibi olan varsa bize ula\u015fmalar\u0131n\u0131 rica ediyoruz. En az\u0131ndan ismini yaz\u0131p ya\u015fatabilmek bizi \u00e7ok mutlu eder&#8221; \u015feklinde konu\u015ftu.<\/p>\n<p>&#8220;Buras\u0131 genelde eski mezarl\u0131klar b\u00f6lgesi olarak biliniyor&#8221;<br \/>\n<br \/>\u0130\u015fletmeye yemek yemek i\u00e7in gelen Samet \u00dcnl\u00fc, &#8220;Buras\u0131 genelde eski mezarl\u0131klar b\u00f6lgesi olarak biliniyor. Ama tabii ki tarihte neler ge\u00e7irdi\u011fini bilmiyoruz. Bu mezar\u0131nda bir yat\u0131r oldu\u011fu yap\u0131lan ara\u015ft\u0131rmalar sonucu \u00e7\u0131kabilir diye d\u00fc\u015f\u00fcn\u00fcyorum&#8221; dedi.<\/p>\n<p>&#8220;Bunun burada oldu\u011funu hi\u00e7 fark etmedim, kim oldu\u011funu merak ediyorum&#8221;<br \/>\n<br \/>Bir ba\u015fka m\u00fc\u015fteri dua ettikten sonra mezarl\u0131k hakk\u0131nda, &#8220;Bunun burada oldu\u011funu hi\u00e7 fark etmedim. Kim oldu\u011funu merak ediyorum. Bural\u0131 de\u011filim ama tesad\u00fcfen buraya geldim ve g\u00f6r\u00fcnce \u00e7ok \u015fa\u015f\u0131rd\u0131m&#8221; dedi.<\/p>\n<p>&#8220;Ay\u0131rt Dede&#8221; olarak kay\u0131tlarda ge\u00e7iyor<br \/>\n<br \/>Isparta \u0130l K\u00fclt\u00fcr ve Turizm M\u00fcd\u00fcrl\u00fc\u011f\u00fc\u2019n\u00fcn kay\u0131tlar\u0131na g\u00f6re mezar\u0131n &#8220;Ay\u0131rt Dede&#8221; olarak bilinen bir t\u00fcrbe oldu\u011fu ifade ediliyor. Tarihi anlat\u0131mlara g\u00f6re Ay\u0131rt Dede, ge\u00e7mi\u015fte k\u0131smet a\u00e7t\u0131rmak, hastal\u0131klardan \u015fifa bulmak, evli \u00e7iftlerin sorunlar\u0131n\u0131n \u00e7\u00f6z\u00fclmesi i\u00e7in ziyaret edilen, mum yak\u0131lan ve adaklar adanan bir yerdi. Hatta hastalanan ki\u015filerin g\u00f6mleklerinin mezar\u0131n \u00fczerine b\u0131rak\u0131ld\u0131\u011f\u0131, \u015fifa bulan\u0131n iyile\u015fti\u011fi, bulamayan\u0131n ise k\u0131sa s\u00fcrede hayat\u0131n\u0131 kaybetti\u011fine inan\u0131ld\u0131\u011f\u0131 belirtiliyor.<br \/><\/p>\n","protected":false},"excerpt":{"rendered":"<p>Isparta\u2019da bir pide salonunun i\u00e7inde yer alan mezarl\u0131k, g\u00f6renleri \u015fa\u015fk\u0131na \u00e7eviriyor. \u0130\u015fletme sahibinin sat\u0131n ald\u0131\u011f\u0131 m\u00fclk\u00fcn duvar\u0131n\u0131n hemen d\u0131\u015f\u0131nda bulunan ve y\u00f6re halk\u0131 taraf\u0131ndan &#8220;yat\u0131r&#8221; olarak bilinen mezarl\u0131k, sonradan restore edilerek d\u00fckk\u00e2n\u0131n i\u00e7ine al\u0131n\u0131yor. Uzun y\u0131llar mezar sahibinin kim oldu\u011fu bilinmemesinin ard\u0131ndan yetkililere yap\u0131lan ba\u015fvuru \u00fczerine mezar\u0131n &#8220;Ay\u0131rt Dede&#8221; olarak kay\u0131tlarda yer ald\u0131\u011f\u0131 ortaya \u00e7\u0131kt\u0131&#8230;.<\/p>\n","protected":false},"author":1,"featured_media":67959,"comment_status":"open","ping_status":"open","sticky":false,"template":"","format":"standard","meta":{"_crdt_document":"","footnotes":""},"categories":[123],"tags":[],"class_list":["post-67958","post","type-post","status-publish","format-standard","has-post-thumbnail","hentry","category-gundem"],"_links":{"self":[{"href":"https:\/\/www.egemtv.com\/index.php?rest_route=\/wp\/v2\/posts\/67958","targetHints":{"allow":["GET"]}}],"collection":[{"href":"https:\/\/www.egemtv.com\/index.php?rest_route=\/wp\/v2\/posts"}],"about":[{"href":"https:\/\/www.egemtv.com\/index.php?rest_route=\/wp\/v2\/types\/post"}],"author":[{"embeddable":true,"href":"https:\/\/www.egemtv.com\/index.php?rest_route=\/wp\/v2\/users\/1"}],"replies":[{"embeddable":true,"href":"https:\/\/www.egemtv.com\/index.php?rest_route=%2Fwp%2Fv2%2Fcomments&post=67958"}],"version-history":[{"count":1,"href":"https:\/\/www.egemtv.com\/index.php?rest_route=\/wp\/v2\/posts\/67958\/revisions"}],"predecessor-version":[{"id":67960,"href":"https:\/\/www.egemtv.com\/index.php?rest_route=\/wp\/v2\/posts\/67958\/revisions\/67960"}],"wp:featuredmedia":[{"embeddable":true,"href":"https:\/\/www.egemtv.com\/index.php?rest_route=\/wp\/v2\/media\/67959"}],"wp:attachment":[{"href":"https:\/\/www.egemtv.com\/index.php?rest_route=%2Fwp%2Fv2%2Fmedia&parent=67958"}],"wp:term":[{"taxonomy":"category","embeddable":true,"href":"https:\/\/www.egemtv.com\/index.php?rest_route=%2Fwp%2Fv2%2Fcategories&post=67958"},{"taxonomy":"post_tag","embeddable":true,"href":"https:\/\/www.egemtv.com\/index.php?rest_route=%2Fwp%2Fv2%2Ftags&post=67958"}],"curies":[{"name":"wp","href":"https:\/\/api.w.org\/{rel}","templated":true}]}}