{"id":67955,"date":"2025-11-15T10:14:47","date_gmt":"2025-11-15T07:14:47","guid":{"rendered":"https:\/\/www.egemtv.com\/?p=67955"},"modified":"2025-11-15T10:14:48","modified_gmt":"2025-11-15T07:14:48","slug":"kutahya-osbnin-geleneksel-fidan-dikim-etkinligi-yogun-katilimla-gerceklesti","status":"publish","type":"post","link":"https:\/\/www.egemtv.com\/?p=67955","title":{"rendered":"K\u00fctahya OSB\u2019nin geleneksel fidan dikim etkinli\u011fi yo\u011fun kat\u0131l\u0131mla ger\u00e7ekle\u015fti"},"content":{"rendered":"<p>K\u00fctahya Organize Sanayi B\u00f6lgesi\u2019nin (OSB) her y\u0131l d\u00fczenledi\u011fi geleneksel Fidan Dikim Etkinli\u011fi, bu y\u0131l da b\u00f6lge yat\u0131r\u0131mc\u0131lar\u0131, \u00e7al\u0131\u015fanlar ve g\u00f6n\u00fcll\u00fclerin geni\u015f kat\u0131l\u0131m\u0131yla ger\u00e7ekle\u015ftirildi.<br \/>\n<br \/>K\u00fctahya OSB R\u0131za G\u00fcral Caddesi g\u00fczerg\u00e2h\u0131nda yap\u0131lan etkinlikte y\u00fczlerce fidan toprakla bulu\u015fturularak b\u00f6lgenin ye\u015fil alanlar\u0131na yeni katk\u0131lar sunuldu. Etkinlikte \u00e7evresel s\u00fcrd\u00fcr\u00fclebilirlik vurgusu \u00f6n plana \u00e7\u0131karken, daha ya\u015fanabilir bir sanayi b\u00f6lgesi olu\u015fturma hedefi yeniden hat\u0131rlat\u0131ld\u0131. Kat\u0131l\u0131mc\u0131lar, do\u011faya de\u011fer katan bu etkinlik sayesinde hem b\u00f6lgeye hem de gelecek nesillere y\u00f6nelik \u00f6nemli bir ad\u0131m atm\u0131\u015f oldu.<br \/>\n<br \/>K\u00fctahya Organize Sanayi B\u00f6lgesi Y\u00f6netim Kurulu Ba\u015fkan\u0131 Tolga Eskio\u011flu, etkinlik sonras\u0131 yapt\u0131\u011f\u0131 a\u00e7\u0131klamada \u015fu ifadeleri kulland\u0131: &#8220;K\u00fctahya OSB olarak sadece \u00fcretim yapmakla de\u011fil; daha g\u00fc\u00e7l\u00fc, daha ye\u015fil ve daha s\u00fcrd\u00fcr\u00fclebilir bir sanayi b\u00f6lgesi olu\u015fturmakla da sorumluyuz. Bug\u00fcn dikilen her fidan, b\u00f6lgemizin gelece\u011fine duydu\u011fumuz ba\u011fl\u0131l\u0131\u011f\u0131n bir g\u00f6stergesidir. Yat\u0131r\u0131mc\u0131lar\u0131m\u0131z\u0131n bu bilin\u00e7le yan\u0131m\u0131zda yer almas\u0131, OSB\u2019mizin ortak de\u011ferlerine ne kadar \u00f6nem verdi\u011fini ortaya koyuyor.&#8221;<br \/>\n<br \/>Etkinli\u011fe katk\u0131 sa\u011flayan t\u00fcm kat\u0131l\u0131mc\u0131lara te\u015fekk\u00fcr edilirken, K\u00fctahya OSB\u2019nin ye\u015fil alanlar\u0131n\u0131 art\u0131rmaya y\u00f6nelik \u00e7al\u0131\u015fmalar\u0131n \u00f6n\u00fcm\u00fczdeki s\u00fcre\u00e7te de kararl\u0131l\u0131kla devam edece\u011fi belirtildi.<br \/><\/p>\n","protected":false},"excerpt":{"rendered":"<p>K\u00fctahya Organize Sanayi B\u00f6lgesi\u2019nin (OSB) her y\u0131l d\u00fczenledi\u011fi geleneksel Fidan Dikim Etkinli\u011fi, bu y\u0131l da b\u00f6lge yat\u0131r\u0131mc\u0131lar\u0131, \u00e7al\u0131\u015fanlar ve g\u00f6n\u00fcll\u00fclerin geni\u015f kat\u0131l\u0131m\u0131yla ger\u00e7ekle\u015ftirildi. K\u00fctahya OSB R\u0131za G\u00fcral Caddesi g\u00fczerg\u00e2h\u0131nda yap\u0131lan etkinlikte y\u00fczlerce fidan toprakla bulu\u015fturularak b\u00f6lgenin ye\u015fil alanlar\u0131na yeni katk\u0131lar sunuldu. Etkinlikte \u00e7evresel s\u00fcrd\u00fcr\u00fclebilirlik vurgusu \u00f6n plana \u00e7\u0131karken, daha ya\u015fanabilir bir sanayi b\u00f6lgesi olu\u015fturma hedefi&#8230;<\/p>\n","protected":false},"author":1,"featured_media":67956,"comment_status":"open","ping_status":"open","sticky":false,"template":"","format":"standard","meta":{"_crdt_document":"","footnotes":""},"categories":[1],"tags":[],"class_list":["post-67955","post","type-post","status-publish","format-standard","has-post-thumbnail","hentry","category-guncel"],"_links":{"self":[{"href":"https:\/\/www.egemtv.com\/index.php?rest_route=\/wp\/v2\/posts\/67955","targetHints":{"allow":["GET"]}}],"collection":[{"href":"https:\/\/www.egemtv.com\/index.php?rest_route=\/wp\/v2\/posts"}],"about":[{"href":"https:\/\/www.egemtv.com\/index.php?rest_route=\/wp\/v2\/types\/post"}],"author":[{"embeddable":true,"href":"https:\/\/www.egemtv.com\/index.php?rest_route=\/wp\/v2\/users\/1"}],"replies":[{"embeddable":true,"href":"https:\/\/www.egemtv.com\/index.php?rest_route=%2Fwp%2Fv2%2Fcomments&post=67955"}],"version-history":[{"count":1,"href":"https:\/\/www.egemtv.com\/index.php?rest_route=\/wp\/v2\/posts\/67955\/revisions"}],"predecessor-version":[{"id":67957,"href":"https:\/\/www.egemtv.com\/index.php?rest_route=\/wp\/v2\/posts\/67955\/revisions\/67957"}],"wp:featuredmedia":[{"embeddable":true,"href":"https:\/\/www.egemtv.com\/index.php?rest_route=\/wp\/v2\/media\/67956"}],"wp:attachment":[{"href":"https:\/\/www.egemtv.com\/index.php?rest_route=%2Fwp%2Fv2%2Fmedia&parent=67955"}],"wp:term":[{"taxonomy":"category","embeddable":true,"href":"https:\/\/www.egemtv.com\/index.php?rest_route=%2Fwp%2Fv2%2Fcategories&post=67955"},{"taxonomy":"post_tag","embeddable":true,"href":"https:\/\/www.egemtv.com\/index.php?rest_route=%2Fwp%2Fv2%2Ftags&post=67955"}],"curies":[{"name":"wp","href":"https:\/\/api.w.org\/{rel}","templated":true}]}}