{"id":67952,"date":"2025-11-15T10:14:46","date_gmt":"2025-11-15T07:14:46","guid":{"rendered":"https:\/\/www.egemtv.com\/?p=67952"},"modified":"2025-11-15T10:14:47","modified_gmt":"2025-11-15T07:14:47","slug":"kutahya-belediye-baskani-kahveciden-kulturel-uretime-destek","status":"publish","type":"post","link":"https:\/\/www.egemtv.com\/?p=67952","title":{"rendered":"K\u00fctahya Belediye Ba\u015fkan\u0131 Kahveci\u2019den k\u00fclt\u00fcrel \u00fcretime destek"},"content":{"rendered":"<p>K\u00fctahya Belediye Ba\u015fkan\u0131 Ey\u00fcp Kahveci, Osmanl\u0131 el i\u015flemecili\u011fini modern dokunu\u015flarla d\u00fcnyaya tan\u0131tan Sanat Galerisi\u2019ni e\u015fi Emine Kahveci ile birlikte ziyaret etti.<br \/>\n<br \/>Ba\u015fkan Kahveci, el sanatlar\u0131 alan\u0131nda yapt\u0131\u011f\u0131 \u00e7al\u0131\u015fmalarla hem T\u00fcrkiye\u2019de hem de yurt d\u0131\u015f\u0131nda dikkat \u00e7eken usta sanat\u00e7\u0131 Cemile G\u00fcl\u2019\u00fcn eserlerini inceledi. Sanat\u00e7\u0131n\u0131n ba\u015far\u0131 hik\u00e2yesinin K\u00fctahya ad\u0131na gurur verici oldu\u011funu belirten Ba\u015fkan Kahveci, galeride sergilenen eserler, tasar\u0131m s\u00fcre\u00e7leri ve kullan\u0131lan teknikler hakk\u0131nda detayl\u0131 bilgi ald\u0131. G\u00fcl\u2019\u00fcn \u015fehri temsil eden koleksiyonlar\u0131n\u0131n b\u00fcy\u00fck emek ve ustal\u0131k gerektirdi\u011fini ifade eden Kahveci, sanat\u00e7\u0131n\u0131n K\u00fctahya\u2019n\u0131n k\u00fclt\u00fcrel tan\u0131t\u0131m\u0131na ve ekonomisine \u00f6nemli katk\u0131lar sa\u011flad\u0131\u011f\u0131n\u0131 vurgulad\u0131.<br \/>\n<br \/>Ziyaret kapsam\u0131nda \u00fcretim alanlar\u0131n\u0131 da gezen Ba\u015fkan Kahveci, el sanatlar\u0131n\u0131n ya\u015fat\u0131lmas\u0131n\u0131n ve uluslararas\u0131 alanda tan\u0131t\u0131lmas\u0131n\u0131n K\u00fctahya\u2019n\u0131n k\u00fclt\u00fcrel miras\u0131na sahip \u00e7\u0131kman\u0131n en de\u011ferli yollar\u0131ndan biri oldu\u011funu s\u00f6yledi. &#8220;De\u011ferli ustalar\u0131m\u0131z, gelecek nesillere b\u00fcy\u00fck bir miras b\u0131rak\u0131yor&#8221; diyen Kahveci, k\u00fclt\u00fcrel \u00fcretim yapan t\u00fcm sanat\u00e7\u0131larla i\u015f birli\u011fi i\u00e7inde olacaklar\u0131n\u0131 ve \u015fehrin sanat-k\u00fclt\u00fcr alan\u0131nda daha da g\u00fc\u00e7lenmesi i\u00e7in \u00e7al\u0131\u015fmalar\u0131n s\u00fcrece\u011fini ifade etti.<br \/><\/p>\n","protected":false},"excerpt":{"rendered":"<p>K\u00fctahya Belediye Ba\u015fkan\u0131 Ey\u00fcp Kahveci, Osmanl\u0131 el i\u015flemecili\u011fini modern dokunu\u015flarla d\u00fcnyaya tan\u0131tan Sanat Galerisi\u2019ni e\u015fi Emine Kahveci ile birlikte ziyaret etti. Ba\u015fkan Kahveci, el sanatlar\u0131 alan\u0131nda yapt\u0131\u011f\u0131 \u00e7al\u0131\u015fmalarla hem T\u00fcrkiye\u2019de hem de yurt d\u0131\u015f\u0131nda dikkat \u00e7eken usta sanat\u00e7\u0131 Cemile G\u00fcl\u2019\u00fcn eserlerini inceledi. Sanat\u00e7\u0131n\u0131n ba\u015far\u0131 hik\u00e2yesinin K\u00fctahya ad\u0131na gurur verici oldu\u011funu belirten Ba\u015fkan Kahveci, galeride sergilenen&#8230;<\/p>\n","protected":false},"author":1,"featured_media":67953,"comment_status":"open","ping_status":"open","sticky":false,"template":"","format":"standard","meta":{"_crdt_document":"","footnotes":""},"categories":[1],"tags":[],"class_list":["post-67952","post","type-post","status-publish","format-standard","has-post-thumbnail","hentry","category-guncel"],"_links":{"self":[{"href":"https:\/\/www.egemtv.com\/index.php?rest_route=\/wp\/v2\/posts\/67952","targetHints":{"allow":["GET"]}}],"collection":[{"href":"https:\/\/www.egemtv.com\/index.php?rest_route=\/wp\/v2\/posts"}],"about":[{"href":"https:\/\/www.egemtv.com\/index.php?rest_route=\/wp\/v2\/types\/post"}],"author":[{"embeddable":true,"href":"https:\/\/www.egemtv.com\/index.php?rest_route=\/wp\/v2\/users\/1"}],"replies":[{"embeddable":true,"href":"https:\/\/www.egemtv.com\/index.php?rest_route=%2Fwp%2Fv2%2Fcomments&post=67952"}],"version-history":[{"count":1,"href":"https:\/\/www.egemtv.com\/index.php?rest_route=\/wp\/v2\/posts\/67952\/revisions"}],"predecessor-version":[{"id":67954,"href":"https:\/\/www.egemtv.com\/index.php?rest_route=\/wp\/v2\/posts\/67952\/revisions\/67954"}],"wp:featuredmedia":[{"embeddable":true,"href":"https:\/\/www.egemtv.com\/index.php?rest_route=\/wp\/v2\/media\/67953"}],"wp:attachment":[{"href":"https:\/\/www.egemtv.com\/index.php?rest_route=%2Fwp%2Fv2%2Fmedia&parent=67952"}],"wp:term":[{"taxonomy":"category","embeddable":true,"href":"https:\/\/www.egemtv.com\/index.php?rest_route=%2Fwp%2Fv2%2Fcategories&post=67952"},{"taxonomy":"post_tag","embeddable":true,"href":"https:\/\/www.egemtv.com\/index.php?rest_route=%2Fwp%2Fv2%2Ftags&post=67952"}],"curies":[{"name":"wp","href":"https:\/\/api.w.org\/{rel}","templated":true}]}}