{"id":67949,"date":"2025-11-15T10:14:46","date_gmt":"2025-11-15T07:14:46","guid":{"rendered":"https:\/\/www.egemtv.com\/?p=67949"},"modified":"2025-11-15T10:14:46","modified_gmt":"2025-11-15T07:14:46","slug":"ankara-izmir-hizli-tren-hatti-kutahyanin-ulasim-agina-guc-katacak","status":"publish","type":"post","link":"https:\/\/www.egemtv.com\/?p=67949","title":{"rendered":"Ankara-\u0130zmir H\u0131zl\u0131 Tren Hatt\u0131, K\u00fctahya\u2019n\u0131n ula\u015f\u0131m a\u011f\u0131na g\u00fc\u00e7 katacak"},"content":{"rendered":"<p>Ula\u015ft\u0131rma ve Altyap\u0131 Bakanl\u0131\u011f\u0131 taraf\u0131ndan yap\u0131m\u0131 s\u00fcrd\u00fcr\u00fclen ve 2027 y\u0131l\u0131nda faaliyete hizmete sunulacak olan Ankara-\u0130zmir H\u0131zl\u0131 Tren Hatt\u0131 projesi, K\u00fctahya\u2019n\u0131n ula\u015f\u0131m altyap\u0131s\u0131n\u0131 g\u00fc\u00e7lendirecek stratejik g\u00fczerg\u00e2hlardan biri olarak dikkat \u00e7ekiyor. K\u00fctahya s\u0131n\u0131rlar\u0131 i\u00e7erisinden (Dumlup\u0131nar) ge\u00e7ecek olan hat, tamamland\u0131\u011f\u0131nda \u015fehri hem Ankara\u2019ya hem de \u0130zmir\u2019e h\u0131zl\u0131 tren konforu ile ba\u011flayacak.<br \/>\n<br \/>Toplam 505 kilometrelik hatta yer alan K\u00fctahya\u2019n\u0131n Dumlup\u0131nar il\u00e7esi ba\u015fta olmak \u00fczere b\u00f6lgedeki t\u00fcm yerle\u015fimlerin bu projeden \u00f6nemli ula\u015f\u0131m avantajlar\u0131 elde edece\u011fi \u00f6ng\u00f6r\u00fcl\u00fcyor. H\u0131zl\u0131 tren hatt\u0131n\u0131n K\u00fctahya\u2019n\u0131n ekonomik, ticari ve sosyal hareketlili\u011fini art\u0131rmas\u0131 bekleniyor.<br \/>\n<br \/>Projenin \u00f6ne \u00e7\u0131kan detaylar\u0131 \u015f\u00f6yle; Ankara-\u0130zmir aras\u0131 seyahat s\u00fcresi 3 saat 30 dakikaya d\u00fc\u015fecek. Hatt\u0131n y\u0131ll\u0131k 13,3 milyon yolcu ve 90 milyon ton y\u00fck ta\u015f\u0131ma kapasitesine ula\u015fmas\u0131 hedefleniyor. \u00c7al\u0131\u015fmalarda \u015fu ana kadar y\u00fczde 53 fiziksel ger\u00e7ekle\u015fme sa\u011fland\u0131. Toplam 4,5 milyar avroluk yat\u0131r\u0131m, b\u00f6lgenin ula\u015f\u0131m altyap\u0131s\u0131n\u0131 modern standartlara kavu\u015fturacak.<br \/>\n<br \/>K\u00fctahya\u2019n\u0131n jeopolitik konumuna g\u00fc\u00e7 katacak proje sayesinde \u015fehrin turizm potansiyelinin artmas\u0131, b\u00f6lge ekonomisinin canlanmas\u0131 ve vatanda\u015flar\u0131n b\u00fcy\u00fck metropollere daha h\u0131zl\u0131 eri\u015febilmesi m\u00fcmk\u00fcn hale gelecek.<br \/><\/p>\n","protected":false},"excerpt":{"rendered":"<p>Ula\u015ft\u0131rma ve Altyap\u0131 Bakanl\u0131\u011f\u0131 taraf\u0131ndan yap\u0131m\u0131 s\u00fcrd\u00fcr\u00fclen ve 2027 y\u0131l\u0131nda faaliyete hizmete sunulacak olan Ankara-\u0130zmir H\u0131zl\u0131 Tren Hatt\u0131 projesi, K\u00fctahya\u2019n\u0131n ula\u015f\u0131m altyap\u0131s\u0131n\u0131 g\u00fc\u00e7lendirecek stratejik g\u00fczerg\u00e2hlardan biri olarak dikkat \u00e7ekiyor. K\u00fctahya s\u0131n\u0131rlar\u0131 i\u00e7erisinden (Dumlup\u0131nar) ge\u00e7ecek olan hat, tamamland\u0131\u011f\u0131nda \u015fehri hem Ankara\u2019ya hem de \u0130zmir\u2019e h\u0131zl\u0131 tren konforu ile ba\u011flayacak. Toplam 505 kilometrelik hatta yer alan K\u00fctahya\u2019n\u0131n&#8230;<\/p>\n","protected":false},"author":1,"featured_media":67950,"comment_status":"open","ping_status":"open","sticky":false,"template":"","format":"standard","meta":{"_crdt_document":"","footnotes":""},"categories":[1],"tags":[],"class_list":["post-67949","post","type-post","status-publish","format-standard","has-post-thumbnail","hentry","category-guncel"],"_links":{"self":[{"href":"https:\/\/www.egemtv.com\/index.php?rest_route=\/wp\/v2\/posts\/67949","targetHints":{"allow":["GET"]}}],"collection":[{"href":"https:\/\/www.egemtv.com\/index.php?rest_route=\/wp\/v2\/posts"}],"about":[{"href":"https:\/\/www.egemtv.com\/index.php?rest_route=\/wp\/v2\/types\/post"}],"author":[{"embeddable":true,"href":"https:\/\/www.egemtv.com\/index.php?rest_route=\/wp\/v2\/users\/1"}],"replies":[{"embeddable":true,"href":"https:\/\/www.egemtv.com\/index.php?rest_route=%2Fwp%2Fv2%2Fcomments&post=67949"}],"version-history":[{"count":1,"href":"https:\/\/www.egemtv.com\/index.php?rest_route=\/wp\/v2\/posts\/67949\/revisions"}],"predecessor-version":[{"id":67951,"href":"https:\/\/www.egemtv.com\/index.php?rest_route=\/wp\/v2\/posts\/67949\/revisions\/67951"}],"wp:featuredmedia":[{"embeddable":true,"href":"https:\/\/www.egemtv.com\/index.php?rest_route=\/wp\/v2\/media\/67950"}],"wp:attachment":[{"href":"https:\/\/www.egemtv.com\/index.php?rest_route=%2Fwp%2Fv2%2Fmedia&parent=67949"}],"wp:term":[{"taxonomy":"category","embeddable":true,"href":"https:\/\/www.egemtv.com\/index.php?rest_route=%2Fwp%2Fv2%2Fcategories&post=67949"},{"taxonomy":"post_tag","embeddable":true,"href":"https:\/\/www.egemtv.com\/index.php?rest_route=%2Fwp%2Fv2%2Ftags&post=67949"}],"curies":[{"name":"wp","href":"https:\/\/api.w.org\/{rel}","templated":true}]}}