{"id":67943,"date":"2025-11-15T10:14:43","date_gmt":"2025-11-15T07:14:43","guid":{"rendered":"https:\/\/www.egemtv.com\/?p=67943"},"modified":"2025-11-15T10:14:44","modified_gmt":"2025-11-15T07:14:44","slug":"kutahyada-65-yillik-ayakkabi-ustasi-mehmet-ersulak-meslek-bitti-yetisen-yok","status":"publish","type":"post","link":"https:\/\/www.egemtv.com\/?p=67943","title":{"rendered":"K\u00fctahya\u2019da 65 y\u0131ll\u0131k ayakkab\u0131 ustas\u0131 Mehmet Ersulak: &#8220;Meslek bitti, yeti\u015fen yok&#8221;"},"content":{"rendered":"<p>K\u00fctahya\u2019da 65 y\u0131ld\u0131r ayakkab\u0131 tamircili\u011fi yapan 78 ya\u015f\u0131ndaki Mehmet Ersulak, mesle\u011fin giderek yok olmaya ba\u015flad\u0131\u011f\u0131n\u0131 s\u00f6yledi. Ersulak, &#8220;Y\u0131llarca \u00e7\u0131rakl\u0131k, kalfal\u0131k, ustal\u0131k yapt\u0131m. Ama art\u0131k bu meslek bitti diyebiliriz. \u00c7\u00fcnk\u00fc yeti\u015fen yok&#8221; dedi.<br \/>\n<br \/>Fabrikalar\u0131n kurulmas\u0131yla el eme\u011fi \u00fcretimin geriledi\u011fini dile getiren Ersulak, &#8220;Sen iki tane yapars\u0131n, fabrika be\u015f tane yapar. S\u00fcr\u00fcmden kazan\u0131yorlar. Bizim el eme\u011fimizle rekabet edilemez hale geldi. O y\u00fczden imalat da kalmad\u0131, yapan da yok&#8221; ifadelerini kulland\u0131.<br \/>\n<br \/>Tamir i\u015flerinin h\u00e2l\u00e2 s\u00fcrd\u00fc\u011f\u00fcn\u00fc ancak eskisi gibi yo\u011funluk ya\u015fanmad\u0131\u011f\u0131n\u0131 belirten usta, &#8220;\u0130\u015fler birikip birikip ak\u015fama kadar devam ediyor ama k\u0131\u015f ay\u0131na giriyor olmam\u0131za ra\u011fmen \u015fimdilik bir yo\u011funluk yok&#8221; diye konu\u015ftu.<br \/>\n<br \/>Yeni neslin bu mesle\u011fe ilgi g\u00f6stermedi\u011fini vurgulayan Ersulak, &#8220;Eskiden \u00e7ocuk bo\u015f gezmesin diye getirip yan\u0131m\u0131za verirlerdi. Oradan meslek \u00f6\u011frenirdi. 65-70\u2019li y\u0131llardan sonra herkes da\u011f\u0131ld\u0131, \u00e7\u00fcnk\u00fc kazan\u00e7 yetmez oldu. \u015eimdi \u00e7\u0131rak bulmak imk\u00e2ns\u0131z&#8221; dedi.<br \/>\n<br \/>K\u00fctahya\u2019da art\u0131k ayakkab\u0131 \u00fcretimi yapan ustalar\u0131n da \u00e7ok azald\u0131\u011f\u0131n\u0131 ifade eden Ersulak, &#8220;\u015eu anda sadece \u015eevelli \u0130\u015f Merkezi\u2019nde Sami isimli bir arkada\u015f \u00fcretim yap\u0131yor. Bir de burada Hac\u0131 \u00d6tem var, o da sipari\u015f \u00fczerine \u00e7al\u0131\u015f\u0131yor. Onun d\u0131\u015f\u0131nda kimse yok. Elle yap\u0131lan ayakkab\u0131 kalmad\u0131, sadece sipari\u015fle \u00fcretim yap\u0131l\u0131yor&#8221; \u015feklinde konu\u015ftu.<br \/>\n<br \/>Mehmet Ersulak, mesle\u011fe ilgi duyan gen\u00e7lere \u00e7a\u011fr\u0131da bulunarak, &#8220;Yapabilecek olanlar yaps\u0131n isterim ama yapacaklar\u0131n\u0131 da sanm\u0131yorum. Eski i\u015flerimiz, eski bereketimiz kalmad\u0131. Ya\u011f\u0131\u015f olur, kar olursa tamir i\u015fi biraz artar ama \u015fu an o da yok&#8221; dedi.<br \/><\/p>\n","protected":false},"excerpt":{"rendered":"<p>K\u00fctahya\u2019da 65 y\u0131ld\u0131r ayakkab\u0131 tamircili\u011fi yapan 78 ya\u015f\u0131ndaki Mehmet Ersulak, mesle\u011fin giderek yok olmaya ba\u015flad\u0131\u011f\u0131n\u0131 s\u00f6yledi. Ersulak, &#8220;Y\u0131llarca \u00e7\u0131rakl\u0131k, kalfal\u0131k, ustal\u0131k yapt\u0131m. Ama art\u0131k bu meslek bitti diyebiliriz. \u00c7\u00fcnk\u00fc yeti\u015fen yok&#8221; dedi. Fabrikalar\u0131n kurulmas\u0131yla el eme\u011fi \u00fcretimin geriledi\u011fini dile getiren Ersulak, &#8220;Sen iki tane yapars\u0131n, fabrika be\u015f tane yapar. S\u00fcr\u00fcmden kazan\u0131yorlar. Bizim el eme\u011fimizle rekabet&#8230;<\/p>\n","protected":false},"author":1,"featured_media":67944,"comment_status":"open","ping_status":"open","sticky":false,"template":"","format":"standard","meta":{"_crdt_document":"","footnotes":""},"categories":[123],"tags":[],"class_list":["post-67943","post","type-post","status-publish","format-standard","has-post-thumbnail","hentry","category-gundem"],"_links":{"self":[{"href":"https:\/\/www.egemtv.com\/index.php?rest_route=\/wp\/v2\/posts\/67943","targetHints":{"allow":["GET"]}}],"collection":[{"href":"https:\/\/www.egemtv.com\/index.php?rest_route=\/wp\/v2\/posts"}],"about":[{"href":"https:\/\/www.egemtv.com\/index.php?rest_route=\/wp\/v2\/types\/post"}],"author":[{"embeddable":true,"href":"https:\/\/www.egemtv.com\/index.php?rest_route=\/wp\/v2\/users\/1"}],"replies":[{"embeddable":true,"href":"https:\/\/www.egemtv.com\/index.php?rest_route=%2Fwp%2Fv2%2Fcomments&post=67943"}],"version-history":[{"count":1,"href":"https:\/\/www.egemtv.com\/index.php?rest_route=\/wp\/v2\/posts\/67943\/revisions"}],"predecessor-version":[{"id":67945,"href":"https:\/\/www.egemtv.com\/index.php?rest_route=\/wp\/v2\/posts\/67943\/revisions\/67945"}],"wp:featuredmedia":[{"embeddable":true,"href":"https:\/\/www.egemtv.com\/index.php?rest_route=\/wp\/v2\/media\/67944"}],"wp:attachment":[{"href":"https:\/\/www.egemtv.com\/index.php?rest_route=%2Fwp%2Fv2%2Fmedia&parent=67943"}],"wp:term":[{"taxonomy":"category","embeddable":true,"href":"https:\/\/www.egemtv.com\/index.php?rest_route=%2Fwp%2Fv2%2Fcategories&post=67943"},{"taxonomy":"post_tag","embeddable":true,"href":"https:\/\/www.egemtv.com\/index.php?rest_route=%2Fwp%2Fv2%2Ftags&post=67943"}],"curies":[{"name":"wp","href":"https:\/\/api.w.org\/{rel}","templated":true}]}}