{"id":67940,"date":"2025-11-15T09:54:58","date_gmt":"2025-11-15T06:54:58","guid":{"rendered":"https:\/\/www.egemtv.com\/?p=67940"},"modified":"2025-11-15T09:54:59","modified_gmt":"2025-11-15T06:54:59","slug":"aydindaki-giyim-festivali-yogun-ilgi-goruyor","status":"publish","type":"post","link":"https:\/\/www.egemtv.com\/?p=67940","title":{"rendered":"Ayd\u0131n\u2019daki giyim festivali yo\u011fun ilgi g\u00f6r\u00fcyor"},"content":{"rendered":"<p>Ayd\u0131n\u2019da 11 Kas\u0131m Sal\u0131 g\u00fcn\u00fc kap\u0131lar\u0131n\u0131 a\u00e7an ve tesett\u00fcr giyim ba\u015fta olmak \u00fczere farkl\u0131 \u015fehirlerden gelen 50\u2019nin \u00fczerinde ma\u011fazay\u0131 tek \u00e7at\u0131 alt\u0131nda bulu\u015fturan giyim festivali vatanda\u015flardan yo\u011fun ilgi g\u00f6r\u00fcyor.<\/p>\n<p>Fuar Ayd\u0131n\u2019da giyimden parf\u00fcmeriye, telefon aksesuarlar\u0131ndan bijuteriye kadar uzanan geni\u015f \u00fcr\u00fcn yelpazesiyle Ayd\u0131nl\u0131larla bulu\u015fan giyim festivali vatanda\u015flar\u0131n dikkatini \u00e7ekti. T\u00fcrkiye\u2019nin \u00e7e\u015fitli illerinden kat\u0131l\u0131m sa\u011flayan ma\u011fazalar \u00f6zellikle tesett\u00fcr \u00fcr\u00fcnleriyle dikkat \u00e7ekerken, Ayd\u0131nl\u0131lar al\u0131\u015fveri\u015f alan\u0131ndaki \u00e7e\u015fitlili\u011fin artmas\u0131ndan memnun kald\u0131.<\/p>\n<p>Tesett\u00fcr giyimde eri\u015fim s\u0131k\u0131nt\u0131s\u0131n\u0131n bir\u00e7ok \u015fehirde devam etti\u011fine dikkat \u00e7eken giyim festivali M\u00fcd\u00fcr\u00fc Tamer Alpay, d\u00fczenledikleri organizasyonlarla bu ihtiyac\u0131 kar\u015f\u0131lamay\u0131 ama\u00e7lad\u0131klar\u0131n\u0131 belirtti. Alpay, festivalin 5 g\u00fcn s\u00fcrece\u011fini, yo\u011fun talebin de bu alandaki a\u00e7\u0131\u011f\u0131 a\u00e7\u0131k\u00e7a ortaya koydu\u011funu ifade etti. M\u00fcd\u00fcr Tamer Alpay, &#8220;T\u00fcrkiye\u2019nin g\u00fczide \u015fehirlerinden biri olan Ayd\u0131n\u2019da b\u00f6yle bir festival d\u00fczenlemekten dolay\u0131 olduk\u00e7a mutluyuz. Hitap etti\u011fimiz kitlenin indirimli fiyatlarla kaliteli \u00fcr\u00fcnleri sat\u0131n al\u0131p al\u0131\u015f-veri\u015f yapabilecekleri bir ortam olu\u015fturduk. Festivalimiz 12 Kas\u0131m\u2019da ba\u015flad\u0131. 5 g\u00fcn s\u00fcrecek ve 16 Kas\u0131m Pazar g\u00fcn\u00fc ak\u015fam saat 22.00\u2019da son bulacak. T\u00fcrkiye\u2019nin de\u011fi\u015fik \u015fehirlerinden gelen 50-60 civar\u0131nda ma\u011fazam\u0131z bulunuyor. Ba\u015fta tesett\u00fcr \u00fcr\u00fcnleri olmak \u00fczere, tak\u0131, \u00e7anta, telefon aksesuarlar\u0131, \u00e7ocuk giyim, erkek giyim gibi geni\u015f bir \u00fcr\u00fcn yelpazemiz var. Tesett\u00fcr \u00fcr\u00fcnleri \u015fehirlerimizde kolay eri\u015filebilir de\u011fil. D\u00fc\u015f\u00fck kaliteli pazarlar gibi yerlerde bulabiliyoruz ama AVM\u2019lerde, \u00e7ar\u015f\u0131larda ma\u011faza say\u0131s\u0131 bak\u0131m\u0131ndan yeteri say\u0131y\u0131 bize yans\u0131tm\u0131yor. N\u00fcfusa oranla bakt\u0131\u011f\u0131m\u0131zda \u00e7ok daha fazla olmas\u0131 gerekiyor. Biz de bu a\u00e7\u0131\u011f\u0131 festivaller ile doldurmaya \u00e7al\u0131\u015f\u0131yoruz. B\u00f6yle bir a\u00e7\u0131k oldu\u011funu festivalimize olan talepten de rahatl\u0131kla anlayabiliyoruz. Gitti\u011fimiz \u015fehirlerde halk\u0131m\u0131z da festivalimizden memnun kal\u0131yorlar. Herkesi festivale davet ediyorum&#8221; dedi.<\/p>\n<p>Festivalde yer alan esnaflardan Yasemin Cengiz ise \u0130zmir Bornova\u2019dan kat\u0131ld\u0131klar\u0131n\u0131 s\u00f6yleyerek, vatanda\u015flar\u0131n s\u00fcrekli ayn\u0131 \u00fcr\u00fcnleri g\u00f6rmekten s\u0131k\u0131ld\u0131\u011f\u0131n\u0131, farkl\u0131 renk ve modeller sunulan festivallerin bu nedenle ilgi g\u00f6rd\u00fc\u011f\u00fcn\u00fc dile getirdi.<\/p>\n<p>Festival, yo\u011fun kat\u0131l\u0131mla devam ederken giyim festivali 16 Kas\u0131m Pazar g\u00fcn\u00fc saat 22.00\u2019de kap\u0131lar\u0131n\u0131 kapataca\u011f\u0131 bildirildi.<br \/><\/p>\n","protected":false},"excerpt":{"rendered":"<p>Ayd\u0131n\u2019da 11 Kas\u0131m Sal\u0131 g\u00fcn\u00fc kap\u0131lar\u0131n\u0131 a\u00e7an ve tesett\u00fcr giyim ba\u015fta olmak \u00fczere farkl\u0131 \u015fehirlerden gelen 50\u2019nin \u00fczerinde ma\u011fazay\u0131 tek \u00e7at\u0131 alt\u0131nda bulu\u015fturan giyim festivali vatanda\u015flardan yo\u011fun ilgi g\u00f6r\u00fcyor. Fuar Ayd\u0131n\u2019da giyimden parf\u00fcmeriye, telefon aksesuarlar\u0131ndan bijuteriye kadar uzanan geni\u015f \u00fcr\u00fcn yelpazesiyle Ayd\u0131nl\u0131larla bulu\u015fan giyim festivali vatanda\u015flar\u0131n dikkatini \u00e7ekti. T\u00fcrkiye\u2019nin \u00e7e\u015fitli illerinden kat\u0131l\u0131m sa\u011flayan ma\u011fazalar \u00f6zellikle&#8230;<\/p>\n","protected":false},"author":1,"featured_media":67941,"comment_status":"open","ping_status":"open","sticky":false,"template":"","format":"standard","meta":{"_crdt_document":"","footnotes":""},"categories":[1],"tags":[],"class_list":["post-67940","post","type-post","status-publish","format-standard","has-post-thumbnail","hentry","category-guncel"],"_links":{"self":[{"href":"https:\/\/www.egemtv.com\/index.php?rest_route=\/wp\/v2\/posts\/67940","targetHints":{"allow":["GET"]}}],"collection":[{"href":"https:\/\/www.egemtv.com\/index.php?rest_route=\/wp\/v2\/posts"}],"about":[{"href":"https:\/\/www.egemtv.com\/index.php?rest_route=\/wp\/v2\/types\/post"}],"author":[{"embeddable":true,"href":"https:\/\/www.egemtv.com\/index.php?rest_route=\/wp\/v2\/users\/1"}],"replies":[{"embeddable":true,"href":"https:\/\/www.egemtv.com\/index.php?rest_route=%2Fwp%2Fv2%2Fcomments&post=67940"}],"version-history":[{"count":1,"href":"https:\/\/www.egemtv.com\/index.php?rest_route=\/wp\/v2\/posts\/67940\/revisions"}],"predecessor-version":[{"id":67942,"href":"https:\/\/www.egemtv.com\/index.php?rest_route=\/wp\/v2\/posts\/67940\/revisions\/67942"}],"wp:featuredmedia":[{"embeddable":true,"href":"https:\/\/www.egemtv.com\/index.php?rest_route=\/wp\/v2\/media\/67941"}],"wp:attachment":[{"href":"https:\/\/www.egemtv.com\/index.php?rest_route=%2Fwp%2Fv2%2Fmedia&parent=67940"}],"wp:term":[{"taxonomy":"category","embeddable":true,"href":"https:\/\/www.egemtv.com\/index.php?rest_route=%2Fwp%2Fv2%2Fcategories&post=67940"},{"taxonomy":"post_tag","embeddable":true,"href":"https:\/\/www.egemtv.com\/index.php?rest_route=%2Fwp%2Fv2%2Ftags&post=67940"}],"curies":[{"name":"wp","href":"https:\/\/api.w.org\/{rel}","templated":true}]}}