{"id":6794,"date":"2025-01-11T11:54:14","date_gmt":"2025-01-11T08:54:14","guid":{"rendered":"https:\/\/www.egemtv.com\/?p=6794"},"modified":"2025-01-11T11:54:17","modified_gmt":"2025-01-11T08:54:17","slug":"seferihisarda-halk-ekmek-7-lira","status":"publish","type":"post","link":"https:\/\/www.egemtv.com\/?p=6794","title":{"rendered":"Seferihisar\u2019da Halk Ekmek 7 lira"},"content":{"rendered":"<p>Yeni y\u0131l zamlar\u0131yla ekmek fiyatlar\u0131n\u0131n 10 TL\u2019den 12,5 TL\u2019ye y\u00fckselmesine ra\u011fmen, Seferihisar Belediyesi, kendi tesislerinde \u00fcretti\u011fi ekme\u011fi zams\u0131z olarak 7 TL\u2019den sat\u0131\u015fa sunacak.<br \/>\n<br \/>Seferihisar Belediyesi, sosyal belediyecilik anlay\u0131\u015f\u0131yla \u00e7al\u0131\u015fmalar\u0131n\u0131 s\u00fcrd\u00fcrerek vatanda\u015f\u0131n yan\u0131nda olmaya devam ediyor. Belediyeye ba\u011fl\u0131 \u00dcrkmez, Akarca, Tepecik, H\u0131d\u0131rl\u0131k, Turabiye, Hamam Alan\u0131, \u0130l\u00e7e Merkezi ve Karakayalar Halk Ekmek noktalar\u0131nda, ekmek fiyatlar\u0131 zams\u0131z \u015fekilde 7 TL\u2019den sat\u0131lmaya devam ediyor. Her g\u00fcn bu noktalardan en az 3 bin 500 ekmek sat\u0131\u015f\u0131 ger\u00e7ekle\u015ftiriliyor.<\/p>\n<p>Seferihisar\u2019da ekme\u011fe zam yok<br \/>\n<br \/>Yeni y\u0131l zamlar\u0131yla ekmek fiyatlar\u0131n\u0131n 10 TL\u2019den 12,5 TL\u2019ye y\u00fckselmesine ra\u011fmen, Seferihisar Belediyesi, kendi tesislerinde \u00fcretti\u011fi ekme\u011fi uygun fiyatlarla halka sunmay\u0131 s\u00fcrd\u00fcr\u00fcyor. Zamlara inat, halk ekmek uygulamas\u0131yla vatanda\u015f\u0131n b\u00fct\u00e7esi korunuyor.<\/p>\n<p>G\u00fcnde 3 bin 500 ekmek t\u00fcketiciyle bulu\u015fuyor<br \/>\n<br \/>Her sabah y\u00fczlerce vatanda\u015f, b\u00fct\u00e7esini zorlamadan Halk Ekmek noktalar\u0131na geliyor. G\u00fcnl\u00fck ortalama 3 bin 500 ekmek, uygun fiyatlarla t\u00fcketicilere ula\u015f\u0131yor. Seferihisar Belediyesi, bu uygulaman\u0131n 31 Mart 2025 tarihine kadar devam edece\u011fini belirtti.<\/p>\n<p>Ba\u015fkan \u0130smail Yeti\u015fkin: \u201cDayan\u0131\u015fmay\u0131 g\u00fc\u00e7lendirmeye devam edece\u011fiz\u201d<br \/>\n<br \/>Konuya ili\u015fkin bir a\u00e7\u0131klama yapan Seferihisar Belediye Ba\u015fkan\u0131 \u0130smail Yeti\u015fkin, \u015funlar\u0131 s\u00f6yledi:<br \/>\n<br \/>\u201cSeferihisar Belediyesi olarak, zorlu ekonomik \u015fartlarda halk\u0131m\u0131z\u0131n yan\u0131nda olmaktan gurur duyuyoruz. Halk Ekmek uygulamam\u0131zla yaln\u0131zca uygun fiyatl\u0131 ekmek sunmakla kalm\u0131yor, ayn\u0131 zamanda sosyal dayan\u0131\u015fma anlay\u0131\u015f\u0131m\u0131z\u0131 da g\u00fc\u00e7lendiriyoruz. Vatanda\u015flar\u0131m\u0131z\u0131n temel ihtiya\u00e7lar\u0131n\u0131 kar\u015f\u0131lamak i\u00e7in \u00e7al\u0131\u015fmalar\u0131m\u0131z\u0131 kararl\u0131l\u0131kla s\u00fcrd\u00fcrece\u011fiz. Bu dayan\u0131\u015fmay\u0131 hep birlikte b\u00fcy\u00fctmeye devam edece\u011fiz.\u201d<br \/>\n<br \/><img fetchpriority=\"high\" decoding=\"async\" width=\"1280\" height=\"853\" src=\"https:\/\/www.egemtv.com\/wp-content\/uploads\/2025\/01\/seferihisarda-halk-ekmek-7-lira_84624e8ee9a8.jpg\" class=\"attachment-full size-full not-transparent\" alt=\"\" data-has-transparency=\"false\" data-dominant-color=\"927972\" style=\"--dominant-color: #927972\" \/><\/p>\n","protected":false},"excerpt":{"rendered":"<p>Yeni y\u0131l zamlar\u0131yla ekmek fiyatlar\u0131n\u0131n 10 TL\u2019den 12,5 TL\u2019ye y\u00fckselmesine ra\u011fmen, Seferihisar Belediyesi, kendi tesislerinde \u00fcretti\u011fi ekme\u011fi zams\u0131z olarak 7 TL\u2019den sat\u0131\u015fa sunacak. Seferihisar Belediyesi, sosyal belediyecilik anlay\u0131\u015f\u0131yla \u00e7al\u0131\u015fmalar\u0131n\u0131 s\u00fcrd\u00fcrerek vatanda\u015f\u0131n yan\u0131nda olmaya devam ediyor. Belediyeye ba\u011fl\u0131 \u00dcrkmez, Akarca, Tepecik, H\u0131d\u0131rl\u0131k, Turabiye, Hamam Alan\u0131, \u0130l\u00e7e Merkezi ve Karakayalar Halk Ekmek noktalar\u0131nda, ekmek fiyatlar\u0131 zams\u0131z \u015fekilde&#8230;<\/p>\n","protected":false},"author":1,"featured_media":6795,"comment_status":"open","ping_status":"open","sticky":false,"template":"","format":"standard","meta":{"_crdt_document":"","footnotes":""},"categories":[1],"tags":[],"class_list":["post-6794","post","type-post","status-publish","format-standard","has-post-thumbnail","hentry","category-guncel"],"_links":{"self":[{"href":"https:\/\/www.egemtv.com\/index.php?rest_route=\/wp\/v2\/posts\/6794","targetHints":{"allow":["GET"]}}],"collection":[{"href":"https:\/\/www.egemtv.com\/index.php?rest_route=\/wp\/v2\/posts"}],"about":[{"href":"https:\/\/www.egemtv.com\/index.php?rest_route=\/wp\/v2\/types\/post"}],"author":[{"embeddable":true,"href":"https:\/\/www.egemtv.com\/index.php?rest_route=\/wp\/v2\/users\/1"}],"replies":[{"embeddable":true,"href":"https:\/\/www.egemtv.com\/index.php?rest_route=%2Fwp%2Fv2%2Fcomments&post=6794"}],"version-history":[{"count":1,"href":"https:\/\/www.egemtv.com\/index.php?rest_route=\/wp\/v2\/posts\/6794\/revisions"}],"predecessor-version":[{"id":6797,"href":"https:\/\/www.egemtv.com\/index.php?rest_route=\/wp\/v2\/posts\/6794\/revisions\/6797"}],"wp:featuredmedia":[{"embeddable":true,"href":"https:\/\/www.egemtv.com\/index.php?rest_route=\/wp\/v2\/media\/6795"}],"wp:attachment":[{"href":"https:\/\/www.egemtv.com\/index.php?rest_route=%2Fwp%2Fv2%2Fmedia&parent=6794"}],"wp:term":[{"taxonomy":"category","embeddable":true,"href":"https:\/\/www.egemtv.com\/index.php?rest_route=%2Fwp%2Fv2%2Fcategories&post=6794"},{"taxonomy":"post_tag","embeddable":true,"href":"https:\/\/www.egemtv.com\/index.php?rest_route=%2Fwp%2Fv2%2Ftags&post=6794"}],"curies":[{"name":"wp","href":"https:\/\/api.w.org\/{rel}","templated":true}]}}