{"id":67937,"date":"2025-11-15T09:54:58","date_gmt":"2025-11-15T06:54:58","guid":{"rendered":"https:\/\/www.egemtv.com\/?p=67937"},"modified":"2025-11-15T09:54:58","modified_gmt":"2025-11-15T06:54:58","slug":"izmirin-nostaljik-sokaginda-ferdi-tayfur-esintisi","status":"publish","type":"post","link":"https:\/\/www.egemtv.com\/?p=67937","title":{"rendered":"\u0130zmir\u2019in nostaljik soka\u011f\u0131nda Ferdi Tayfur esintisi"},"content":{"rendered":"<p>\u0130zmir\u2019de ya\u015fayan 31 ya\u015f\u0131ndaki Eren Karadiken, Ferdi Tayfur\u2019a olan hayranl\u0131\u011f\u0131n\u0131 hem giyim tarz\u0131nda hem de \u00e7ay oca\u011f\u0131nda ya\u015fatarak dikkat \u00e7ekiyor. Konak\u2019ta olu\u015fturdu\u011fu nostaljik ortam, mahalle sakinleri ve ziyaret\u00e7iler taraf\u0131ndan ilgiyle kar\u015f\u0131lan\u0131yor.<br \/>\n<br \/>\u0130zmir\u2019in Konak il\u00e7esinde ya\u015fayan 31 ya\u015f\u0131ndaki Eren Karadiken, arabesk m\u00fczi\u011fin usta ismi Ferdi Tayfur\u2019a olan hayranl\u0131\u011f\u0131yla dikkat \u00e7ekiyor. K\u00fc\u00e7\u00fck ya\u015flarda a\u011fabeyinden bula\u015fan bu sevday\u0131 y\u0131llar i\u00e7inde b\u00fcy\u00fcten Karadiken, hem giyim tarz\u0131n\u0131 hem de ya\u015fam alan\u0131n\u0131 \u00fcnl\u00fc sanat\u00e7\u0131dan ilham alarak \u015fekillendiriyor. Kahramanlar semtinde i\u015fletti\u011fi \u00e7ay oca\u011f\u0131n\u0131 Ferdi Tayfur\u2019un alb\u00fcm kapaklar\u0131, film afi\u015fleri ve foto\u011fraflar\u0131yla s\u00fcsleyen Karadiken, mek\u00e2nda s\u00fcrekli plak \u00e7ald\u0131\u011f\u0131n\u0131 ve vatanda\u015flar\u0131n bu nostaljik atmosferden b\u00fcy\u00fck keyif ald\u0131\u011f\u0131n\u0131 s\u00f6yledi. Karadiken\u2019i g\u00f6ren bir\u00e7ok ki\u015fi de Tayfur\u2019a benzer giyim tarz\u0131 nedeniyle s\u0131k s\u0131k foto\u011fraf \u00e7ektirmek istiyor.<\/p>\n<p>&#8220;Bizim i\u00e7in tek kral&#8221;<br \/>\n<br \/>Karadiken, hayranl\u0131\u011f\u0131n\u0131n aileden geldi\u011fini belirterek, &#8220;Aslen Ferdi Tayfur hayranl\u0131\u011f\u0131 a\u011fabeyimden geliyor. A\u011fabeyim kendisi \u00e7ok b\u00fcy\u00fck Ferdi Tayfur hayran\u0131d\u0131r. K\u00fc\u00e7\u00fckl\u00fckten beri b\u00fct\u00fcn kasetleri, plaklar\u0131 elinde mevcuttu. Ondan da bize bula\u015ft\u0131. Bula\u015ft\u0131\u011f\u0131 i\u00e7in de Ferdi Tayfur d\u00fcr\u00fcst bir adam oldu\u011fu i\u00e7in biz de ona a\u015f\u0131k olduk&#8221; dedi. Karadiken, giyim tarz\u0131n\u0131 da sanat\u00e7\u0131ya benzetmeye \u00e7al\u0131\u015ft\u0131\u011f\u0131n\u0131 ifade ederek, &#8220;Ferdi Baba gibi giyinmeye \u00e7al\u0131\u015f\u0131yorum. Tabii ona kimse benzeyemez ama Ferdi Tayfur bizim i\u00e7in tektir. \u00d6rnek ald\u0131\u011f\u0131m\u0131z insan&#8221; \u015feklinde konu\u015ftu.<\/p>\n<p>\u00c7ay oca\u011f\u0131, nostalji dura\u011f\u0131na d\u00f6n\u00fc\u015ft\u00fc<br \/>\n<br \/>Kahramanlar\u2019da i\u015fletti\u011fi \u00e7ay oca\u011f\u0131n\u0131 Ferdi Tayfur\u2019un alb\u00fcm kapaklar\u0131, film afi\u015fleri ve foto\u011fraflar\u0131yla s\u00fcsleyen Karadiken, mek\u00e2nda s\u00fcrekli plak \u00e7ald\u0131\u011f\u0131n\u0131 s\u00f6yledi. Karadiken, vatanda\u015flar\u0131n bu nostaljik atmosferden b\u00fcy\u00fck keyif ald\u0131\u011f\u0131n\u0131 belirterek, &#8220;\u0130\u00e7erideki afi\u015fleri ve resimleri, devaml\u0131 plak \u00e7ald\u0131\u011f\u0131m i\u00e7in insanlar\u0131n \u00e7ok ho\u015funa gidiyor. Hatta gitmiyorlar, gidenler de geri geliyor. Eskiyi ya\u015fatt\u0131n diyorlar, te\u015fekk\u00fcr ediyorlar&#8221; dedi.<\/p>\n<p>Ye\u011feninin ad\u0131 Ferdi Tayfur<br \/>\n<br \/>Eren Karadiken\u2019in evinde Ferdi Tayfur\u2019a ait kasetler, plaklar, afi\u015fler ve foto\u011fraflarla dolu \u00f6zel bir oda da bulunuyor. Koleksiyonun kendisi i\u00e7in hem de\u011ferli hem de \u00f6zel oldu\u011funu s\u00f6yledi. Karadiken, a\u011fabeyinin de Ferdi Tayfur hayran\u0131 oldu\u011funu ve o\u011fluna \u2019Ferdi Tayfur\u2019 ad\u0131n\u0131 verdi\u011fini belirterek, &#8220;Abim zaten tamamen benden daha \u00e7ok Ferdi Tayfur hayran\u0131. \u2018O\u011flum olursa ad\u0131n\u0131 Ferdi Tayfur koyaca\u011f\u0131m\u2019 dedi ve s\u00f6z\u00fcn\u00fc yerine getirdi. O\u011flu oldu, ad\u0131 Ferdi Tayfur. O da yan\u0131mda \u00e7al\u0131\u015f\u0131yor&#8221; dedi. Ailedeki hayranl\u0131\u011f\u0131, en gen\u00e7 birey olarak s\u00fcrd\u00fcren 15 ya\u015f\u0131ndaki Ferdi Tayfur Karadiken ise ismini ta\u015f\u0131maktan gurur duydu\u011funu belirterek, &#8220;Ferdi Tayfur\u2019la b\u00fcy\u00fcd\u00fcm. O \u00f6ld\u00fc\u011f\u00fcnde evde bir eksiklik vard\u0131. Hayat\u0131m boyunca da onunla ya\u015famaya devam edece\u011fim&#8221; ifadelerini kulland\u0131.<\/p>\n<p>&#8220;3 g\u00fcn yas tuttuk&#8221;<br \/>\n<br \/>Karadiken ailesi i\u00e7in Ferdi Tayfur\u2019un \u00f6nemi \u00e7ok b\u00fcy\u00fck. &#8220;Bizim ikisi \u00f6yle bir sevda ki, Ferdi Baba ile ilgili psikolojimizi bozduk. Tek babam\u0131z, tek kral\u0131m\u0131z, tek adam gibi adam. Babam\u0131z vefat etti\u011finde Ferdi Babam\u0131z i\u00e7in \u00fc\u00e7 g\u00fcn yas tuttuk. Moralimiz bozuldu, psikolojimiz bozuldu. Elimiz aya\u011f\u0131m\u0131z bo\u015fald\u0131. Bizim i\u00e7in zordu, atlatamad\u0131k&#8221; ifadelerini kulland\u0131.<\/p>\n<p>Mahallede de ilgi oda\u011f\u0131<br \/>\n<br \/>Eren Karadiken\u2019in ya\u015fatt\u0131\u011f\u0131 nostalji ve hayranl\u0131k, mahalle sakinleri taraf\u0131ndan da ilgiyle kar\u015f\u0131lan\u0131yor. Karadiken, hem i\u015f yerinde hem de ya\u015fam\u0131nda Ferdi Tayfur\u2019un izlerini s\u00fcrd\u00fcrmeye devam ederek, bu tutkunun kendileri i\u00e7in bir ya\u015fam bi\u00e7imi oldu\u011funu s\u00f6yledi. Mahalle sakini \u00d6mer Ate\u015fci, &#8220;Bu mahalle komple Ferdi Tayfurcudur. Eren de bu sevgiyi ya\u015fat\u0131yor. \u00c7ay oca\u011f\u0131na geliyoruz, plaklar dinleniyor, eski g\u00fcnleri hat\u0131rl\u0131yoruz. \u00c7ok g\u00fczel bir ortam olu\u015fturdu&#8221; dedi.<br \/><\/p>\n","protected":false},"excerpt":{"rendered":"<p>\u0130zmir\u2019de ya\u015fayan 31 ya\u015f\u0131ndaki Eren Karadiken, Ferdi Tayfur\u2019a olan hayranl\u0131\u011f\u0131n\u0131 hem giyim tarz\u0131nda hem de \u00e7ay oca\u011f\u0131nda ya\u015fatarak dikkat \u00e7ekiyor. Konak\u2019ta olu\u015fturdu\u011fu nostaljik ortam, mahalle sakinleri ve ziyaret\u00e7iler taraf\u0131ndan ilgiyle kar\u015f\u0131lan\u0131yor. \u0130zmir\u2019in Konak il\u00e7esinde ya\u015fayan 31 ya\u015f\u0131ndaki Eren Karadiken, arabesk m\u00fczi\u011fin usta ismi Ferdi Tayfur\u2019a olan hayranl\u0131\u011f\u0131yla dikkat \u00e7ekiyor. K\u00fc\u00e7\u00fck ya\u015flarda a\u011fabeyinden bula\u015fan bu sevday\u0131&#8230;<\/p>\n","protected":false},"author":1,"featured_media":67938,"comment_status":"open","ping_status":"open","sticky":false,"template":"","format":"standard","meta":{"_crdt_document":"","footnotes":""},"categories":[123],"tags":[],"class_list":["post-67937","post","type-post","status-publish","format-standard","has-post-thumbnail","hentry","category-gundem"],"_links":{"self":[{"href":"https:\/\/www.egemtv.com\/index.php?rest_route=\/wp\/v2\/posts\/67937","targetHints":{"allow":["GET"]}}],"collection":[{"href":"https:\/\/www.egemtv.com\/index.php?rest_route=\/wp\/v2\/posts"}],"about":[{"href":"https:\/\/www.egemtv.com\/index.php?rest_route=\/wp\/v2\/types\/post"}],"author":[{"embeddable":true,"href":"https:\/\/www.egemtv.com\/index.php?rest_route=\/wp\/v2\/users\/1"}],"replies":[{"embeddable":true,"href":"https:\/\/www.egemtv.com\/index.php?rest_route=%2Fwp%2Fv2%2Fcomments&post=67937"}],"version-history":[{"count":1,"href":"https:\/\/www.egemtv.com\/index.php?rest_route=\/wp\/v2\/posts\/67937\/revisions"}],"predecessor-version":[{"id":67939,"href":"https:\/\/www.egemtv.com\/index.php?rest_route=\/wp\/v2\/posts\/67937\/revisions\/67939"}],"wp:featuredmedia":[{"embeddable":true,"href":"https:\/\/www.egemtv.com\/index.php?rest_route=\/wp\/v2\/media\/67938"}],"wp:attachment":[{"href":"https:\/\/www.egemtv.com\/index.php?rest_route=%2Fwp%2Fv2%2Fmedia&parent=67937"}],"wp:term":[{"taxonomy":"category","embeddable":true,"href":"https:\/\/www.egemtv.com\/index.php?rest_route=%2Fwp%2Fv2%2Fcategories&post=67937"},{"taxonomy":"post_tag","embeddable":true,"href":"https:\/\/www.egemtv.com\/index.php?rest_route=%2Fwp%2Fv2%2Ftags&post=67937"}],"curies":[{"name":"wp","href":"https:\/\/api.w.org\/{rel}","templated":true}]}}