{"id":67934,"date":"2025-11-15T09:54:57","date_gmt":"2025-11-15T06:54:57","guid":{"rendered":"https:\/\/www.egemtv.com\/?p=67934"},"modified":"2025-11-15T09:54:57","modified_gmt":"2025-11-15T06:54:57","slug":"fatih-ilkokulunda-calismalarda-sona-gelindi","status":"publish","type":"post","link":"https:\/\/www.egemtv.com\/?p=67934","title":{"rendered":"Fatih \u0130lkokulu\u2019nda \u00e7al\u0131\u015fmalarda sona gelindi"},"content":{"rendered":"<p>Umurlu Mahallesi\u2019nde yap\u0131m\u0131 s\u00fcren Fatih \u0130lkokulu\u2019nda \u00e7al\u0131\u015fmalar h\u0131zla ilerlerken, yeni e\u011fitim yuvas\u0131n\u0131n k\u0131sa s\u00fcrede \u00f6\u011frencilere kazand\u0131r\u0131lmas\u0131 hedefleniyor.<br \/>\n<br \/>Efeler \u0130l\u00e7e Milli E\u011fitim M\u00fcd\u00fcr\u00fc Hakan \u00d6zcan, Umurlu Mahallesi\u2019nde yap\u0131m\u0131 devam eden Fatih \u0130lkokulu \u015fantiyesinde incelemelerde bulundu. \u00c7al\u0131\u015fmalar\u0131n son durumu hakk\u0131nda bilgi alan \u00d6zcan\u2019a, Umurlu Mahalle Muhtar\u0131 Mehmet Yengi ve Fatih \u0130lkokulu M\u00fcd\u00fcr\u00fc Mustafa Eri\u015f e\u015flik etti. Ziyarette okulun yap\u0131m s\u00fcreci, fiziki donan\u0131m\u0131 ve planlanan e\u011fitim alanlar\u0131 de\u011ferlendirildi. \u0130l\u00e7e Milli E\u011fitim M\u00fcd\u00fcr\u00fc \u00d6zcan, \u00e7al\u0131\u015fmalar\u0131n h\u0131zla s\u00fcrd\u00fc\u011f\u00fcn\u00fc belirterek okulun en k\u0131sa s\u00fcrede tamamlan\u0131p \u00f6\u011frencilerin hizmetine sunulmas\u0131n\u0131n hedeflendi\u011fini ifade etti.<br \/>\n<br \/>Konu ile ilgili Efeler \u0130l\u00e7e Milli E\u011fitim M\u00fcd\u00fcrl\u00fc\u011f\u00fc\u2019nden yap\u0131lan a\u00e7\u0131klamada &#8220;\u0130l\u00e7e Milli E\u011fitim M\u00fcd\u00fcr\u00fc Hakan \u00d6zcan, Umurlu Mahallemizde in\u015faat\u0131 devam eden Fatih \u0130lkokulunda incelemelerde bulundu. \u0130ncelemelerde, okulun yap\u0131m s\u00fcreci, fiziki donan\u0131m\u0131 ve planlanan e\u011fitim ortamlar\u0131 de\u011ferlendirilirken, \u00e7al\u0131\u015fmalar\u0131n en k\u0131sa s\u00fcrede tamamlanarak \u00f6\u011frencilerin hizmetine sunulmas\u0131 hedeflendi\u011fi belirtildi&#8221; ifadeleri yer ald\u0131.<br \/><\/p>\n","protected":false},"excerpt":{"rendered":"<p>Umurlu Mahallesi\u2019nde yap\u0131m\u0131 s\u00fcren Fatih \u0130lkokulu\u2019nda \u00e7al\u0131\u015fmalar h\u0131zla ilerlerken, yeni e\u011fitim yuvas\u0131n\u0131n k\u0131sa s\u00fcrede \u00f6\u011frencilere kazand\u0131r\u0131lmas\u0131 hedefleniyor. Efeler \u0130l\u00e7e Milli E\u011fitim M\u00fcd\u00fcr\u00fc Hakan \u00d6zcan, Umurlu Mahallesi\u2019nde yap\u0131m\u0131 devam eden Fatih \u0130lkokulu \u015fantiyesinde incelemelerde bulundu. \u00c7al\u0131\u015fmalar\u0131n son durumu hakk\u0131nda bilgi alan \u00d6zcan\u2019a, Umurlu Mahalle Muhtar\u0131 Mehmet Yengi ve Fatih \u0130lkokulu M\u00fcd\u00fcr\u00fc Mustafa Eri\u015f e\u015flik etti. Ziyarette&#8230;<\/p>\n","protected":false},"author":1,"featured_media":67935,"comment_status":"open","ping_status":"open","sticky":false,"template":"","format":"standard","meta":{"_crdt_document":"","footnotes":""},"categories":[1],"tags":[],"class_list":["post-67934","post","type-post","status-publish","format-standard","has-post-thumbnail","hentry","category-guncel"],"_links":{"self":[{"href":"https:\/\/www.egemtv.com\/index.php?rest_route=\/wp\/v2\/posts\/67934","targetHints":{"allow":["GET"]}}],"collection":[{"href":"https:\/\/www.egemtv.com\/index.php?rest_route=\/wp\/v2\/posts"}],"about":[{"href":"https:\/\/www.egemtv.com\/index.php?rest_route=\/wp\/v2\/types\/post"}],"author":[{"embeddable":true,"href":"https:\/\/www.egemtv.com\/index.php?rest_route=\/wp\/v2\/users\/1"}],"replies":[{"embeddable":true,"href":"https:\/\/www.egemtv.com\/index.php?rest_route=%2Fwp%2Fv2%2Fcomments&post=67934"}],"version-history":[{"count":1,"href":"https:\/\/www.egemtv.com\/index.php?rest_route=\/wp\/v2\/posts\/67934\/revisions"}],"predecessor-version":[{"id":67936,"href":"https:\/\/www.egemtv.com\/index.php?rest_route=\/wp\/v2\/posts\/67934\/revisions\/67936"}],"wp:featuredmedia":[{"embeddable":true,"href":"https:\/\/www.egemtv.com\/index.php?rest_route=\/wp\/v2\/media\/67935"}],"wp:attachment":[{"href":"https:\/\/www.egemtv.com\/index.php?rest_route=%2Fwp%2Fv2%2Fmedia&parent=67934"}],"wp:term":[{"taxonomy":"category","embeddable":true,"href":"https:\/\/www.egemtv.com\/index.php?rest_route=%2Fwp%2Fv2%2Fcategories&post=67934"},{"taxonomy":"post_tag","embeddable":true,"href":"https:\/\/www.egemtv.com\/index.php?rest_route=%2Fwp%2Fv2%2Ftags&post=67934"}],"curies":[{"name":"wp","href":"https:\/\/api.w.org\/{rel}","templated":true}]}}