{"id":67931,"date":"2025-11-15T09:54:56","date_gmt":"2025-11-15T06:54:56","guid":{"rendered":"https:\/\/www.egemtv.com\/?p=67931"},"modified":"2025-11-15T09:54:57","modified_gmt":"2025-11-15T06:54:57","slug":"akut-ege-ekipleri-tatbikatlarla-gonullulerini-her-an-goreve-hazir-hale-getiriyor","status":"publish","type":"post","link":"https:\/\/www.egemtv.com\/?p=67931","title":{"rendered":"AKUT Ege ekipleri tatbikatlarla g\u00f6n\u00fcll\u00fclerini her an g\u00f6reve haz\u0131r hale getiriyor"},"content":{"rendered":"<p>Denizli\u2019de AKUT arama kurtarma ekibi ger\u00e7e\u011fi aratmayan bir senaryoyla tatbikat ger\u00e7ekle\u015ftirdi. Senaryo gere\u011fi do\u011fada kaybolan bir kazazedeyi arama tatbikat\u0131na 50 ki\u015filik ekibin yan\u0131 s\u0131ra K9 arama k\u00f6pe\u011fi de destek verdi. Tatbikat kapsam\u0131nda arama kurtarma g\u00f6n\u00fcll\u00fclerinin bilgi ve becerilerinin g\u00fcncellenmesi hedeflendi.<\/p>\n<p>02 Kas\u0131m 2025 tarihinde, Cankurtaran \u00c7ukur Mevkii\u2019nde AKUT Denizli Ekibi ev sahipli\u011finde ger\u00e7ekle\u015ftirilen Do\u011fada Arama B\u00f6lgesel Tatbikat\u0131, Ege B\u00f6lgesi ekiplerinin koordinasyon, operasyonel beceri ve dayan\u0131\u015fma g\u00fcc\u00fcn\u00fc bir kez daha ortaya koydu. Tatbikata; AKUT Denizli ekibinden 50 ki\u015finin yan\u0131 s\u0131ra AKUT Ku\u015fadas\u0131 K9 K\u00f6pekli Arama ekibi ve AKUT Yar\u0131mada \u0130HA ekibinin de kat\u0131l\u0131m\u0131yla toplam 56 ki\u015fi kat\u0131ld\u0131. Ger\u00e7e\u011fini aratmayan senaryoda, do\u011fada kaybolan bir kazazedeyi bulmak amac\u0131yla \u0130HA, K9 arama k\u00f6pekleri ve g\u00f6n\u00fcll\u00fc ekiplerden olu\u015fan \u00e7ok y\u00f6nl\u00fc bir arama operasyonu y\u00fcr\u00fct\u00fcld\u00fc. Tatbikat kapsam\u0131nda Zorlu arazi \u015fartlar\u0131nda ger\u00e7ekle\u015ftirilen \u00e7al\u0131\u015fma, ekipler aras\u0131 koordinasyonun g\u00fc\u00e7lenmesini ve muhtemel kay\u0131p vakalar\u0131na kar\u015f\u0131 haz\u0131rl\u0131k seviyesinin art\u0131r\u0131lmas\u0131n\u0131 hedeflendi. Tatbikat s\u00fcresince ekiplerin bilgi ve becerileri tazelendi, operasyonel s\u00fcre\u00e7ler g\u00fcncellendi. AKUT g\u00f6n\u00fcll\u00fcleri, her an g\u00f6reve haz\u0131r kalabilmek ad\u0131na e\u011fitimlerini aral\u0131ks\u0131z s\u00fcrd\u00fcrmeye devam edece\u011fi ifade edildi.<br \/><\/p>\n","protected":false},"excerpt":{"rendered":"<p>Denizli\u2019de AKUT arama kurtarma ekibi ger\u00e7e\u011fi aratmayan bir senaryoyla tatbikat ger\u00e7ekle\u015ftirdi. Senaryo gere\u011fi do\u011fada kaybolan bir kazazedeyi arama tatbikat\u0131na 50 ki\u015filik ekibin yan\u0131 s\u0131ra K9 arama k\u00f6pe\u011fi de destek verdi. Tatbikat kapsam\u0131nda arama kurtarma g\u00f6n\u00fcll\u00fclerinin bilgi ve becerilerinin g\u00fcncellenmesi hedeflendi. 02 Kas\u0131m 2025 tarihinde, Cankurtaran \u00c7ukur Mevkii\u2019nde AKUT Denizli Ekibi ev sahipli\u011finde ger\u00e7ekle\u015ftirilen Do\u011fada Arama&#8230;<\/p>\n","protected":false},"author":1,"featured_media":67932,"comment_status":"open","ping_status":"open","sticky":false,"template":"","format":"standard","meta":{"_crdt_document":"","footnotes":""},"categories":[5],"tags":[],"class_list":["post-67931","post","type-post","status-publish","format-standard","has-post-thumbnail","hentry","category-asayis"],"_links":{"self":[{"href":"https:\/\/www.egemtv.com\/index.php?rest_route=\/wp\/v2\/posts\/67931","targetHints":{"allow":["GET"]}}],"collection":[{"href":"https:\/\/www.egemtv.com\/index.php?rest_route=\/wp\/v2\/posts"}],"about":[{"href":"https:\/\/www.egemtv.com\/index.php?rest_route=\/wp\/v2\/types\/post"}],"author":[{"embeddable":true,"href":"https:\/\/www.egemtv.com\/index.php?rest_route=\/wp\/v2\/users\/1"}],"replies":[{"embeddable":true,"href":"https:\/\/www.egemtv.com\/index.php?rest_route=%2Fwp%2Fv2%2Fcomments&post=67931"}],"version-history":[{"count":1,"href":"https:\/\/www.egemtv.com\/index.php?rest_route=\/wp\/v2\/posts\/67931\/revisions"}],"predecessor-version":[{"id":67933,"href":"https:\/\/www.egemtv.com\/index.php?rest_route=\/wp\/v2\/posts\/67931\/revisions\/67933"}],"wp:featuredmedia":[{"embeddable":true,"href":"https:\/\/www.egemtv.com\/index.php?rest_route=\/wp\/v2\/media\/67932"}],"wp:attachment":[{"href":"https:\/\/www.egemtv.com\/index.php?rest_route=%2Fwp%2Fv2%2Fmedia&parent=67931"}],"wp:term":[{"taxonomy":"category","embeddable":true,"href":"https:\/\/www.egemtv.com\/index.php?rest_route=%2Fwp%2Fv2%2Fcategories&post=67931"},{"taxonomy":"post_tag","embeddable":true,"href":"https:\/\/www.egemtv.com\/index.php?rest_route=%2Fwp%2Fv2%2Ftags&post=67931"}],"curies":[{"name":"wp","href":"https:\/\/api.w.org\/{rel}","templated":true}]}}