{"id":67928,"date":"2025-11-15T09:54:55","date_gmt":"2025-11-15T06:54:55","guid":{"rendered":"https:\/\/www.egemtv.com\/?p=67928"},"modified":"2025-11-15T09:54:56","modified_gmt":"2025-11-15T06:54:56","slug":"merkezefendi-belediyesi-japon-deprem-uzmanlarini-agirladi","status":"publish","type":"post","link":"https:\/\/www.egemtv.com\/?p=67928","title":{"rendered":"Merkezefendi Belediyesi Japon deprem uzmanlar\u0131n\u0131 a\u011f\u0131rlad\u0131"},"content":{"rendered":"<p>Merkezefendi Belediyesi, T\u00fcrkiye ve Japonya ortak deprem \u00e7al\u0131\u015ftay\u0131 kapsam\u0131nda Ryukyus \u00dcniversitesi heyetini a\u011f\u0131rlad\u0131.<\/p>\n<p>Merkezefendi Belediyesi ile Pamukkale \u00dcniversitesi i\u015f birli\u011finde d\u00fczenlenecek &#8220;T\u00fcrkiye ve Japonya Ortak Deprem \u00c7al\u0131\u015ftay\u0131: Mevcut Kentlerin ve Sanayi B\u00f6lgelerinin Depremlere Kar\u015f\u0131 Diren\u00e7li Hale Getirilmesi Program\u0131&#8221; kapsam\u0131nda, Japonya Ryukyus \u00dcniversitesi \u0130n\u015faat M\u00fchendisli\u011fi B\u00f6l\u00fcm\u00fc\u2019nden gelen akademik heyet Merkezefendi Belediyesi\u2019nde misafir edildi.<\/p>\n<p>Ger\u00e7ekle\u015ftirilecek \u00e7al\u0131\u015ftay \u00f6ncesinde yap\u0131lan ziyarette, iki \u00fclke aras\u0131nda deprem ara\u015ft\u0131rmalar\u0131 ve kentsel dayan\u0131kl\u0131l\u0131k konular\u0131nda i\u015f birli\u011finin g\u00fc\u00e7lendirilmesine y\u00f6nelik de\u011ferlendirmelerde bulunuldu. Merkezefendi Belediyesi, bilimsel temelli \u00e7al\u0131\u015fmalarla depreme dayan\u0131kl\u0131, g\u00fcvenli ve diren\u00e7li kentler olu\u015fturma hedefini s\u00fcrd\u00fcrd\u00fcklerini vurgulad\u0131. Merkezefendi Belediye Ba\u015fkan\u0131, nazik ziyaretlerinden dolay\u0131 Japonya\u2019dan gelen heyete te\u015fekk\u00fcr ederek, uluslararas\u0131 i\u015f birliklerinin \u00f6nemine dikkat \u00e7ekti.<\/p>\n<p>&#8220;G\u00fcvenli ve diren\u00e7li kentler i\u00e7in bilimin \u0131\u015f\u0131\u011f\u0131nda ilerliyoruz&#8221;<br \/>\n<br \/>Deprem ara\u015ft\u0131rmalar\u0131 ve kentsel dayan\u0131kl\u0131l\u0131k konular\u0131nda i\u015f birli\u011fi imkanlar\u0131n\u0131 de\u011ferlendirdiklerini belirten Merkezefendi Belediye Ba\u015fkan\u0131 \u015eeniz Do\u011fan, &#8220;Deprem b\u00f6lgesinde ya\u015fayan bir \u00fclke olarak bilimsel i\u015f birliklerini son derece \u00f6nemsiyoruz. Japonya gibi deprem konusunda d\u00fcnyan\u0131n en ileri deneyimine sahip bir \u00fclkenin de\u011ferli akademisyenlerini Merkezefendi\u2019mizde a\u011f\u0131rlamaktan b\u00fcy\u00fck memnuniyet duyuyoruz. Kentlerimizi daha g\u00fcvenli, daha diren\u00e7li hale getirmek i\u00e7in hem ulusal hem uluslararas\u0131 bilimsel \u00e7al\u0131\u015fmalar\u0131 titizlikle takip ediyor, bu alanda g\u00fc\u00e7l\u00fc ad\u0131mlar at\u0131yoruz. Pamukkale \u00dcniversitesiyle birlikte ger\u00e7ekle\u015ftirece\u011fimiz bu \u00f6nemli \u00e7al\u0131\u015ftay\u0131n, gelece\u011fe y\u00f6nelik yol haritam\u0131za b\u00fcy\u00fck katk\u0131 sa\u011flayaca\u011f\u0131na inan\u0131yorum. Nazik ziyaretleri ve payla\u015f\u0131mlar\u0131 i\u00e7in Japon heyetine te\u015fekk\u00fcr ediyorum&#8221; dedi.<br \/><\/p>\n","protected":false},"excerpt":{"rendered":"<p>Merkezefendi Belediyesi, T\u00fcrkiye ve Japonya ortak deprem \u00e7al\u0131\u015ftay\u0131 kapsam\u0131nda Ryukyus \u00dcniversitesi heyetini a\u011f\u0131rlad\u0131. Merkezefendi Belediyesi ile Pamukkale \u00dcniversitesi i\u015f birli\u011finde d\u00fczenlenecek &#8220;T\u00fcrkiye ve Japonya Ortak Deprem \u00c7al\u0131\u015ftay\u0131: Mevcut Kentlerin ve Sanayi B\u00f6lgelerinin Depremlere Kar\u015f\u0131 Diren\u00e7li Hale Getirilmesi Program\u0131&#8221; kapsam\u0131nda, Japonya Ryukyus \u00dcniversitesi \u0130n\u015faat M\u00fchendisli\u011fi B\u00f6l\u00fcm\u00fc\u2019nden gelen akademik heyet Merkezefendi Belediyesi\u2019nde misafir edildi. Ger\u00e7ekle\u015ftirilecek \u00e7al\u0131\u015ftay \u00f6ncesinde&#8230;<\/p>\n","protected":false},"author":1,"featured_media":67929,"comment_status":"open","ping_status":"open","sticky":false,"template":"","format":"standard","meta":{"_crdt_document":"","footnotes":""},"categories":[1],"tags":[],"class_list":["post-67928","post","type-post","status-publish","format-standard","has-post-thumbnail","hentry","category-guncel"],"_links":{"self":[{"href":"https:\/\/www.egemtv.com\/index.php?rest_route=\/wp\/v2\/posts\/67928","targetHints":{"allow":["GET"]}}],"collection":[{"href":"https:\/\/www.egemtv.com\/index.php?rest_route=\/wp\/v2\/posts"}],"about":[{"href":"https:\/\/www.egemtv.com\/index.php?rest_route=\/wp\/v2\/types\/post"}],"author":[{"embeddable":true,"href":"https:\/\/www.egemtv.com\/index.php?rest_route=\/wp\/v2\/users\/1"}],"replies":[{"embeddable":true,"href":"https:\/\/www.egemtv.com\/index.php?rest_route=%2Fwp%2Fv2%2Fcomments&post=67928"}],"version-history":[{"count":1,"href":"https:\/\/www.egemtv.com\/index.php?rest_route=\/wp\/v2\/posts\/67928\/revisions"}],"predecessor-version":[{"id":67930,"href":"https:\/\/www.egemtv.com\/index.php?rest_route=\/wp\/v2\/posts\/67928\/revisions\/67930"}],"wp:featuredmedia":[{"embeddable":true,"href":"https:\/\/www.egemtv.com\/index.php?rest_route=\/wp\/v2\/media\/67929"}],"wp:attachment":[{"href":"https:\/\/www.egemtv.com\/index.php?rest_route=%2Fwp%2Fv2%2Fmedia&parent=67928"}],"wp:term":[{"taxonomy":"category","embeddable":true,"href":"https:\/\/www.egemtv.com\/index.php?rest_route=%2Fwp%2Fv2%2Fcategories&post=67928"},{"taxonomy":"post_tag","embeddable":true,"href":"https:\/\/www.egemtv.com\/index.php?rest_route=%2Fwp%2Fv2%2Ftags&post=67928"}],"curies":[{"name":"wp","href":"https:\/\/api.w.org\/{rel}","templated":true}]}}