{"id":67925,"date":"2025-11-15T09:54:54","date_gmt":"2025-11-15T06:54:54","guid":{"rendered":"https:\/\/www.egemtv.com\/?p=67925"},"modified":"2025-11-15T09:54:55","modified_gmt":"2025-11-15T06:54:55","slug":"izmirde-cinayetle-biten-aile-kavgasinda-9-gozalti-4-tutuklama","status":"publish","type":"post","link":"https:\/\/www.egemtv.com\/?p=67925","title":{"rendered":"\u0130zmir\u2019de cinayetle biten aile kavgas\u0131nda 9 g\u00f6zalt\u0131, 4 tutuklama"},"content":{"rendered":"<p>\u0130zmir\u2019in Bayrakl\u0131 il\u00e7esinde 1 ki\u015finin \u00f6ld\u00fc\u011f\u00fc 2 ki\u015finin de yaraland\u0131\u011f\u0131 aile kavgas\u0131nda, 9 \u015f\u00fcpheli g\u00f6zalt\u0131na al\u0131n\u0131rken 4\u2019\u00fc tutukland\u0131.<br \/>\n<br \/>Olay, 11 Kas\u0131m ak\u015fam\u0131 saat 20.15 s\u0131ralar\u0131nda Bayrakl\u0131 il\u00e7esine ba\u011fl\u0131 \u00c7ay Mahallesi\u2019nde meydana geldi. Edinilen bilgiye g\u00f6re ara\u00e7 ile H.E.\u2019nin i\u015f yerine yakla\u015fan \u015f\u00fcpheli \u015fah\u0131slar, silahla ate\u015f a\u00e7t\u0131. Sald\u0131rganlar\u0131n silah\u0131ndan \u00e7\u0131kan kur\u015funlar, i\u015f yerinin \u00f6n\u00fcnde bulunan mekan sahibi H.E., o\u011flu S.E ile m\u00fc\u015fteri olarak i\u015f yerine gelen S.D ve Y.D.\u2019ye isabet etti. Olay\u0131n ard\u0131ndan sald\u0131rganlar, araba ile b\u00f6lgeden ka\u00e7arak uzakla\u015ft\u0131. Silah seslerini duyan vatanda\u015flar\u0131n ihbar\u0131yla b\u00f6lgeye polis ve sa\u011fl\u0131k ekipleri sevk edildi. Sa\u011fl\u0131k ekiplerince yap\u0131lan kontrolde H.E.\u2019nin a\u011f\u0131r yaraland\u0131\u011f\u0131, S.E, S.D ve Y.D. ise v\u00fccudunun \u00e7e\u015fitli yerlerinden yaraland\u0131\u011f\u0131 belirlendi. A\u011f\u0131r yaralanan H.E. ambulans ile \u0130zmir \u015eehir Hastanesi\u2019ne, di\u011fer 3 yaral\u0131 ise Ege \u00dcniversitesi Hastanesi\u2019ne kald\u0131r\u0131ld\u0131. Burada tedaviye al\u0131nan H.E., doktorlar\u0131n m\u00fcdahalesine ra\u011fmen hayat\u0131n\u0131 kaybetti.  Tedavisi s\u00fcren yaral\u0131lardan S.E\u2019nin hayati tehlikesinin bulundu\u011fu \u00f6\u011frenildi.<br \/>\n<br \/>4 tutuklama<br \/>\n<br \/>Asayi\u015f \u015eube M\u00fcd\u00fcrl\u00fc\u011f\u00fc Cinayet B\u00fcro Amirli\u011fi, Su\u00e7 Analiz B\u00fcro Amirli\u011fi ve \u0130stihbarat \u015eube M\u00fcd\u00fcrl\u00fc\u011f\u00fc ekiplerinin ortak y\u00fcr\u00fctt\u00fc\u011f\u00fc \u00e7al\u0131\u015fmalar sonucunda, olaya kar\u0131\u015ft\u0131klar\u0131 belirlenen D.D. (72), E.D. (39), M.D. (43), A.D. (41), N.D. (34), B.D. (19), S.D. (17) ve E.E. (25) k\u0131sa s\u00fcre \u00f6nce yakaland\u0131. Yap\u0131lan incelemelerde taraflar\u0131n birbirleriyle akraba olduklar\u0131 ve olay\u0131n aile i\u00e7i nedenlerden kaynakland\u0131\u011f\u0131 ortaya \u00e7\u0131kt\u0131. \u015e\u00fcphelilerden E.E., ifadesi al\u0131nd\u0131ktan sonra serbest b\u0131rak\u0131ld\u0131. Emniyetteki i\u015flemlerinin ard\u0131ndan adliyeye sevk edilen zanl\u0131lardan M.D., N.D., B.D. ve S.D. \u00e7\u0131kar\u0131ld\u0131klar\u0131 mahkemece tutuklan\u0131rken; D.D., A.D. ve E.D. adli kontrol \u015fart\u0131yla serbest b\u0131rak\u0131ld\u0131.<br \/>\n<br \/>Olayla ilgili ba\u015flat\u0131lan soru\u015fturma s\u00fcr\u00fcyor.<br \/><\/p>\n","protected":false},"excerpt":{"rendered":"<p>\u0130zmir\u2019in Bayrakl\u0131 il\u00e7esinde 1 ki\u015finin \u00f6ld\u00fc\u011f\u00fc 2 ki\u015finin de yaraland\u0131\u011f\u0131 aile kavgas\u0131nda, 9 \u015f\u00fcpheli g\u00f6zalt\u0131na al\u0131n\u0131rken 4\u2019\u00fc tutukland\u0131. Olay, 11 Kas\u0131m ak\u015fam\u0131 saat 20.15 s\u0131ralar\u0131nda Bayrakl\u0131 il\u00e7esine ba\u011fl\u0131 \u00c7ay Mahallesi\u2019nde meydana geldi. Edinilen bilgiye g\u00f6re ara\u00e7 ile H.E.\u2019nin i\u015f yerine yakla\u015fan \u015f\u00fcpheli \u015fah\u0131slar, silahla ate\u015f a\u00e7t\u0131. Sald\u0131rganlar\u0131n silah\u0131ndan \u00e7\u0131kan kur\u015funlar, i\u015f yerinin \u00f6n\u00fcnde bulunan mekan&#8230;<\/p>\n","protected":false},"author":1,"featured_media":67926,"comment_status":"open","ping_status":"open","sticky":false,"template":"","format":"standard","meta":{"_crdt_document":"","footnotes":""},"categories":[5],"tags":[],"class_list":["post-67925","post","type-post","status-publish","format-standard","has-post-thumbnail","hentry","category-asayis"],"_links":{"self":[{"href":"https:\/\/www.egemtv.com\/index.php?rest_route=\/wp\/v2\/posts\/67925","targetHints":{"allow":["GET"]}}],"collection":[{"href":"https:\/\/www.egemtv.com\/index.php?rest_route=\/wp\/v2\/posts"}],"about":[{"href":"https:\/\/www.egemtv.com\/index.php?rest_route=\/wp\/v2\/types\/post"}],"author":[{"embeddable":true,"href":"https:\/\/www.egemtv.com\/index.php?rest_route=\/wp\/v2\/users\/1"}],"replies":[{"embeddable":true,"href":"https:\/\/www.egemtv.com\/index.php?rest_route=%2Fwp%2Fv2%2Fcomments&post=67925"}],"version-history":[{"count":1,"href":"https:\/\/www.egemtv.com\/index.php?rest_route=\/wp\/v2\/posts\/67925\/revisions"}],"predecessor-version":[{"id":67927,"href":"https:\/\/www.egemtv.com\/index.php?rest_route=\/wp\/v2\/posts\/67925\/revisions\/67927"}],"wp:featuredmedia":[{"embeddable":true,"href":"https:\/\/www.egemtv.com\/index.php?rest_route=\/wp\/v2\/media\/67926"}],"wp:attachment":[{"href":"https:\/\/www.egemtv.com\/index.php?rest_route=%2Fwp%2Fv2%2Fmedia&parent=67925"}],"wp:term":[{"taxonomy":"category","embeddable":true,"href":"https:\/\/www.egemtv.com\/index.php?rest_route=%2Fwp%2Fv2%2Fcategories&post=67925"},{"taxonomy":"post_tag","embeddable":true,"href":"https:\/\/www.egemtv.com\/index.php?rest_route=%2Fwp%2Fv2%2Ftags&post=67925"}],"curies":[{"name":"wp","href":"https:\/\/api.w.org\/{rel}","templated":true}]}}