{"id":67922,"date":"2025-11-14T22:34:56","date_gmt":"2025-11-14T19:34:56","guid":{"rendered":"https:\/\/www.egemtv.com\/?p=67922"},"modified":"2025-11-14T22:34:57","modified_gmt":"2025-11-14T19:34:57","slug":"bodrumda-eymen-icin-12-milyon-tl-toplandi","status":"publish","type":"post","link":"https:\/\/www.egemtv.com\/?p=67922","title":{"rendered":"Bodrum\u2019da Eymen i\u00e7in 12 milyon TL topland\u0131"},"content":{"rendered":"<p>Duchenne Musk\u00fcler Distrofisi (DMD) kas hastas\u0131 Eymen \u00d6zdo\u011fan\u2019\u0131n tedavisine destek olmak amac\u0131yla d\u00fczenlenen yard\u0131m gecesi, Mu\u011fla\u2019n\u0131n d\u00f6rt bir yan\u0131ndan gelen yo\u011fun bir kat\u0131l\u0131mla ger\u00e7ekle\u015fti.<br \/>\n<br \/>13 Kas\u0131m Per\u015fembe g\u00fcn\u00fc Nurol K\u00fclt\u00fcr Merkezi\u2019nde d\u00fczenlenen dayan\u0131\u015fma gecesinde, Eymen\u2019in tedavisi i\u00e7in yakla\u015f\u0131k 12 Milyon T\u00fcrk Liras\u0131 ba\u011f\u0131\u015f topland\u0131. Onur G\u00fclen\u2019in sunuculu\u011funu \u00fcstlendi\u011fi anlaml\u0131 gecede, K\u0131y\u0131 Ege Belediyeler Birli\u011fi ve Mu\u011fla B\u00fcy\u00fck\u015fehir Belediye Ba\u015fkan\u0131 Ahmet Aras ile Bodrum Belediye Ba\u015fkan\u0131 Tamer Mandalinci, ba\u011f\u0131\u015f kampanyas\u0131na bizzat \u00f6nc\u00fcl\u00fck etti. \u0130ki ba\u015fkan, gece boyunca sahneden y\u00fcr\u00fctt\u00fckleri kampanya ile gelen ba\u011f\u0131\u015flar\u0131 kabul etti ve toplanan miktar\u0131 anl\u0131k olarak kamuoyuyla payla\u015ft\u0131. Geceye ayr\u0131ca belediye ba\u015fkan yard\u0131mc\u0131lar\u0131, meclis \u00fcyeleri, birim m\u00fcd\u00fcrleri, \u00e7ok say\u0131da g\u00f6n\u00fcll\u00fc ve hay\u0131rsever kat\u0131ld\u0131. Yard\u0131m gecesi, Mu\u011fla\u2019n\u0131n d\u00f6rt bir yan\u0131ndaki belediye ba\u015fkanlar\u0131ndan personele, siyasi partilerden muhtarlara, spor kul\u00fcplerinden vak\u0131flara ve i\u015f insanlar\u0131na kadar toplumun her kesimini seferber etti.<br \/>\n<br \/>Yakla\u015f\u0131k 5 saat s\u00fcren ve gece yar\u0131s\u0131na kadar devam eden yard\u0131m kampanyas\u0131, Mu\u011fla B\u00fcy\u00fck\u015fehir Belediye Ba\u015fkan\u0131 Ahmet Aras, Bodrum Belediye Ba\u015fkan\u0131 Tamer Mandalinci, Eymen\u2019in destek hesab\u0131 ve Bodrum Belediyesi\u2019nin resmi sosyal medya hesaplar\u0131 \u00fczerinden de canl\u0131 olarak yay\u0131nland\u0131. Hem salondaki kat\u0131l\u0131mc\u0131lar hem de canl\u0131 yay\u0131n\u0131 takip edenler ba\u011f\u0131\u015flar\u0131yla Eymen\u2019e umut oldu.<br \/><\/p>\n","protected":false},"excerpt":{"rendered":"<p>Duchenne Musk\u00fcler Distrofisi (DMD) kas hastas\u0131 Eymen \u00d6zdo\u011fan\u2019\u0131n tedavisine destek olmak amac\u0131yla d\u00fczenlenen yard\u0131m gecesi, Mu\u011fla\u2019n\u0131n d\u00f6rt bir yan\u0131ndan gelen yo\u011fun bir kat\u0131l\u0131mla ger\u00e7ekle\u015fti. 13 Kas\u0131m Per\u015fembe g\u00fcn\u00fc Nurol K\u00fclt\u00fcr Merkezi\u2019nde d\u00fczenlenen dayan\u0131\u015fma gecesinde, Eymen\u2019in tedavisi i\u00e7in yakla\u015f\u0131k 12 Milyon T\u00fcrk Liras\u0131 ba\u011f\u0131\u015f topland\u0131. Onur G\u00fclen\u2019in sunuculu\u011funu \u00fcstlendi\u011fi anlaml\u0131 gecede, K\u0131y\u0131 Ege Belediyeler Birli\u011fi ve&#8230;<\/p>\n","protected":false},"author":1,"featured_media":67923,"comment_status":"open","ping_status":"open","sticky":false,"template":"","format":"standard","meta":{"_crdt_document":"","footnotes":""},"categories":[123],"tags":[],"class_list":["post-67922","post","type-post","status-publish","format-standard","has-post-thumbnail","hentry","category-gundem"],"_links":{"self":[{"href":"https:\/\/www.egemtv.com\/index.php?rest_route=\/wp\/v2\/posts\/67922","targetHints":{"allow":["GET"]}}],"collection":[{"href":"https:\/\/www.egemtv.com\/index.php?rest_route=\/wp\/v2\/posts"}],"about":[{"href":"https:\/\/www.egemtv.com\/index.php?rest_route=\/wp\/v2\/types\/post"}],"author":[{"embeddable":true,"href":"https:\/\/www.egemtv.com\/index.php?rest_route=\/wp\/v2\/users\/1"}],"replies":[{"embeddable":true,"href":"https:\/\/www.egemtv.com\/index.php?rest_route=%2Fwp%2Fv2%2Fcomments&post=67922"}],"version-history":[{"count":1,"href":"https:\/\/www.egemtv.com\/index.php?rest_route=\/wp\/v2\/posts\/67922\/revisions"}],"predecessor-version":[{"id":67924,"href":"https:\/\/www.egemtv.com\/index.php?rest_route=\/wp\/v2\/posts\/67922\/revisions\/67924"}],"wp:featuredmedia":[{"embeddable":true,"href":"https:\/\/www.egemtv.com\/index.php?rest_route=\/wp\/v2\/media\/67923"}],"wp:attachment":[{"href":"https:\/\/www.egemtv.com\/index.php?rest_route=%2Fwp%2Fv2%2Fmedia&parent=67922"}],"wp:term":[{"taxonomy":"category","embeddable":true,"href":"https:\/\/www.egemtv.com\/index.php?rest_route=%2Fwp%2Fv2%2Fcategories&post=67922"},{"taxonomy":"post_tag","embeddable":true,"href":"https:\/\/www.egemtv.com\/index.php?rest_route=%2Fwp%2Fv2%2Ftags&post=67922"}],"curies":[{"name":"wp","href":"https:\/\/api.w.org\/{rel}","templated":true}]}}