{"id":67919,"date":"2025-11-14T20:55:05","date_gmt":"2025-11-14T17:55:05","guid":{"rendered":"https:\/\/www.egemtv.com\/?p=67919"},"modified":"2025-11-14T20:55:06","modified_gmt":"2025-11-14T17:55:06","slug":"nazillide-uyusturucu-sucundan-aranan-sahis-yakalandi","status":"publish","type":"post","link":"https:\/\/www.egemtv.com\/?p=67919","title":{"rendered":"Nazilli\u2019de uyu\u015fturucu su\u00e7undan aranan \u015fah\u0131s yakaland\u0131"},"content":{"rendered":"<p>Ayd\u0131n\u2019\u0131n Nazilli il\u00e7esinde uyu\u015fturucu madde ticareti su\u00e7undan aranan \u015fah\u0131s jandarma ekiplerinin operasyonu sonucu yakaland\u0131.<\/p>\n<p>Edinilen bilgiye g\u00f6re, Ayd\u0131n \u0130l Jandarma Komutanl\u0131\u011f\u0131\u2019n\u0131n y\u00fcr\u00fctt\u00fc\u011f\u00fc koordineli \u00e7al\u0131\u015fma kapsam\u0131nda hakk\u0131nda \u2019Uyu\u015fturucu veya Uyar\u0131c\u0131 Madde \u0130mal ve Ticareti\u2019 su\u00e7undan arama karar\u0131 bulunan bir \u015fah\u0131s Nazilli \u0130l\u00e7e Jandarma Komutanl\u0131\u011f\u0131 ekiplerince takibe al\u0131nd\u0131. Yap\u0131lan takip sonucu operasyon i\u00e7in d\u00fc\u011fmeye basan jandarma ekipleri \u015fahs\u0131 k\u0131sk\u0131vrak yakalayarak g\u00f6zalt\u0131na ald\u0131. Jandarmadaki i\u015flemlerinin ard\u0131ndan adliyeye sevk edilen \u015fah\u0131s tutuklanarak cezaevine g\u00f6nderildi.<br \/><\/p>\n","protected":false},"excerpt":{"rendered":"<p>Ayd\u0131n\u2019\u0131n Nazilli il\u00e7esinde uyu\u015fturucu madde ticareti su\u00e7undan aranan \u015fah\u0131s jandarma ekiplerinin operasyonu sonucu yakaland\u0131. Edinilen bilgiye g\u00f6re, Ayd\u0131n \u0130l Jandarma Komutanl\u0131\u011f\u0131\u2019n\u0131n y\u00fcr\u00fctt\u00fc\u011f\u00fc koordineli \u00e7al\u0131\u015fma kapsam\u0131nda hakk\u0131nda \u2019Uyu\u015fturucu veya Uyar\u0131c\u0131 Madde \u0130mal ve Ticareti\u2019 su\u00e7undan arama karar\u0131 bulunan bir \u015fah\u0131s Nazilli \u0130l\u00e7e Jandarma Komutanl\u0131\u011f\u0131 ekiplerince takibe al\u0131nd\u0131. Yap\u0131lan takip sonucu operasyon i\u00e7in d\u00fc\u011fmeye basan jandarma ekipleri&#8230;<\/p>\n","protected":false},"author":1,"featured_media":67920,"comment_status":"open","ping_status":"open","sticky":false,"template":"","format":"standard","meta":{"_crdt_document":"","footnotes":""},"categories":[5],"tags":[],"class_list":["post-67919","post","type-post","status-publish","format-standard","has-post-thumbnail","hentry","category-asayis"],"_links":{"self":[{"href":"https:\/\/www.egemtv.com\/index.php?rest_route=\/wp\/v2\/posts\/67919","targetHints":{"allow":["GET"]}}],"collection":[{"href":"https:\/\/www.egemtv.com\/index.php?rest_route=\/wp\/v2\/posts"}],"about":[{"href":"https:\/\/www.egemtv.com\/index.php?rest_route=\/wp\/v2\/types\/post"}],"author":[{"embeddable":true,"href":"https:\/\/www.egemtv.com\/index.php?rest_route=\/wp\/v2\/users\/1"}],"replies":[{"embeddable":true,"href":"https:\/\/www.egemtv.com\/index.php?rest_route=%2Fwp%2Fv2%2Fcomments&post=67919"}],"version-history":[{"count":1,"href":"https:\/\/www.egemtv.com\/index.php?rest_route=\/wp\/v2\/posts\/67919\/revisions"}],"predecessor-version":[{"id":67921,"href":"https:\/\/www.egemtv.com\/index.php?rest_route=\/wp\/v2\/posts\/67919\/revisions\/67921"}],"wp:featuredmedia":[{"embeddable":true,"href":"https:\/\/www.egemtv.com\/index.php?rest_route=\/wp\/v2\/media\/67920"}],"wp:attachment":[{"href":"https:\/\/www.egemtv.com\/index.php?rest_route=%2Fwp%2Fv2%2Fmedia&parent=67919"}],"wp:term":[{"taxonomy":"category","embeddable":true,"href":"https:\/\/www.egemtv.com\/index.php?rest_route=%2Fwp%2Fv2%2Fcategories&post=67919"},{"taxonomy":"post_tag","embeddable":true,"href":"https:\/\/www.egemtv.com\/index.php?rest_route=%2Fwp%2Fv2%2Ftags&post=67919"}],"curies":[{"name":"wp","href":"https:\/\/api.w.org\/{rel}","templated":true}]}}