{"id":67916,"date":"2025-11-14T20:55:04","date_gmt":"2025-11-14T17:55:04","guid":{"rendered":"https:\/\/www.egemtv.com\/?p=67916"},"modified":"2025-11-14T20:55:05","modified_gmt":"2025-11-14T17:55:05","slug":"kusadasinda-yasa-disi-gecis-hazirligindaki-5-duzensiz-gocmen-yakalandi","status":"publish","type":"post","link":"https:\/\/www.egemtv.com\/?p=67916","title":{"rendered":"Ku\u015fadas\u0131\u2019nda yasa d\u0131\u015f\u0131 ge\u00e7i\u015f haz\u0131rl\u0131\u011f\u0131ndaki 5 d\u00fczensiz g\u00f6\u00e7men yakaland\u0131"},"content":{"rendered":"<p>Ayd\u0131n \u0130l Jandarma Komutanl\u0131\u011f\u0131nca y\u00fcr\u00fct\u00fclen \u00e7al\u0131\u015fmalar kapsam\u0131nda, Ku\u015fadas\u0131 \u0130l\u00e7e Jandarma Komutanl\u0131\u011f\u0131, Ku\u015fadas\u0131 Sahil G\u00fcvenlik Komutanl\u0131\u011f\u0131, Jandarma \u0130HA unsurlar\u0131 ve \u0130l Jandarma Komutanl\u0131\u011f\u0131 GK\u0130T \u015eube M\u00fcd\u00fcrl\u00fc\u011f\u00fc\u2019n\u00fcn ortak operasyonuyla yasa d\u0131\u015f\u0131 yollardan ka\u00e7maya \u00e7al\u0131\u015fan 5 d\u00fczensiz g\u00f6\u00e7men yakaland\u0131.<\/p>\n<p>Edinilen bilgilere g\u00f6re, Ku\u015fadas\u0131 G\u00fczel\u00e7aml\u0131 Milli Parklar b\u00f6lgesinden Yunanistan\u2019a ge\u00e7me haz\u0131rl\u0131\u011f\u0131ndaki g\u00f6\u00e7menler, geldikleri gezi teknesinden denize atlay\u0131p k\u0131y\u0131ya \u00e7\u0131kt\u0131ktan sonra yasakl\u0131 b\u00f6lgede ilerlerken ekipler taraf\u0131ndan tespit edilerek yakaland\u0131. Operasyonda d\u00fczensiz g\u00f6\u00e7menlerle birlikte \u015fi\u015fme bot, k\u00fcrekler, 5 adet can yele\u011fi ile \u00e7e\u015fitli ya\u015fam malzemeleri ele ge\u00e7irildi.<\/p>\n<p>\u0130\u015flemleri tamamlanan d\u00fczensiz g\u00f6\u00e7menler Ayd\u0131n Geri G\u00f6nderme Merkezi\u2019ne teslim edildi.<br \/><\/p>\n","protected":false},"excerpt":{"rendered":"<p>Ayd\u0131n \u0130l Jandarma Komutanl\u0131\u011f\u0131nca y\u00fcr\u00fct\u00fclen \u00e7al\u0131\u015fmalar kapsam\u0131nda, Ku\u015fadas\u0131 \u0130l\u00e7e Jandarma Komutanl\u0131\u011f\u0131, Ku\u015fadas\u0131 Sahil G\u00fcvenlik Komutanl\u0131\u011f\u0131, Jandarma \u0130HA unsurlar\u0131 ve \u0130l Jandarma Komutanl\u0131\u011f\u0131 GK\u0130T \u015eube M\u00fcd\u00fcrl\u00fc\u011f\u00fc\u2019n\u00fcn ortak operasyonuyla yasa d\u0131\u015f\u0131 yollardan ka\u00e7maya \u00e7al\u0131\u015fan 5 d\u00fczensiz g\u00f6\u00e7men yakaland\u0131. Edinilen bilgilere g\u00f6re, Ku\u015fadas\u0131 G\u00fczel\u00e7aml\u0131 Milli Parklar b\u00f6lgesinden Yunanistan\u2019a ge\u00e7me haz\u0131rl\u0131\u011f\u0131ndaki g\u00f6\u00e7menler, geldikleri gezi teknesinden denize atlay\u0131p k\u0131y\u0131ya \u00e7\u0131kt\u0131ktan&#8230;<\/p>\n","protected":false},"author":1,"featured_media":67917,"comment_status":"open","ping_status":"open","sticky":false,"template":"","format":"standard","meta":{"_crdt_document":"","footnotes":""},"categories":[5],"tags":[],"class_list":["post-67916","post","type-post","status-publish","format-standard","has-post-thumbnail","hentry","category-asayis"],"_links":{"self":[{"href":"https:\/\/www.egemtv.com\/index.php?rest_route=\/wp\/v2\/posts\/67916","targetHints":{"allow":["GET"]}}],"collection":[{"href":"https:\/\/www.egemtv.com\/index.php?rest_route=\/wp\/v2\/posts"}],"about":[{"href":"https:\/\/www.egemtv.com\/index.php?rest_route=\/wp\/v2\/types\/post"}],"author":[{"embeddable":true,"href":"https:\/\/www.egemtv.com\/index.php?rest_route=\/wp\/v2\/users\/1"}],"replies":[{"embeddable":true,"href":"https:\/\/www.egemtv.com\/index.php?rest_route=%2Fwp%2Fv2%2Fcomments&post=67916"}],"version-history":[{"count":1,"href":"https:\/\/www.egemtv.com\/index.php?rest_route=\/wp\/v2\/posts\/67916\/revisions"}],"predecessor-version":[{"id":67918,"href":"https:\/\/www.egemtv.com\/index.php?rest_route=\/wp\/v2\/posts\/67916\/revisions\/67918"}],"wp:featuredmedia":[{"embeddable":true,"href":"https:\/\/www.egemtv.com\/index.php?rest_route=\/wp\/v2\/media\/67917"}],"wp:attachment":[{"href":"https:\/\/www.egemtv.com\/index.php?rest_route=%2Fwp%2Fv2%2Fmedia&parent=67916"}],"wp:term":[{"taxonomy":"category","embeddable":true,"href":"https:\/\/www.egemtv.com\/index.php?rest_route=%2Fwp%2Fv2%2Fcategories&post=67916"},{"taxonomy":"post_tag","embeddable":true,"href":"https:\/\/www.egemtv.com\/index.php?rest_route=%2Fwp%2Fv2%2Ftags&post=67916"}],"curies":[{"name":"wp","href":"https:\/\/api.w.org\/{rel}","templated":true}]}}