{"id":67913,"date":"2025-11-14T20:34:28","date_gmt":"2025-11-14T17:34:28","guid":{"rendered":"https:\/\/www.egemtv.com\/?p=67913"},"modified":"2025-11-14T20:34:28","modified_gmt":"2025-11-14T17:34:28","slug":"kasten-oldurme-sucundan-aranan-sahis-yakayi-ele-verdi","status":"publish","type":"post","link":"https:\/\/www.egemtv.com\/?p=67913","title":{"rendered":"Kasten \u00f6ld\u00fcrme su\u00e7undan aranan \u015fah\u0131s yakay\u0131 ele verdi"},"content":{"rendered":"<p>Ayd\u0131n\u2019\u0131n Germencik il\u00e7esinde kasten \u00f6ld\u00fcrme su\u00e7undan aranan bir \u015fah\u0131s jandarma ekipleri taraf\u0131ndan ger\u00e7ekle\u015ftirilen operasyonla yakaland\u0131.<\/p>\n<p>Edinilen bilgiye g\u00f6re, Ayd\u0131n \u0130l Jandarma Komutanl\u0131\u011f\u0131 koordinesinde Germencik \u0130l\u00e7e Jandarma Komutanl\u0131\u011f\u0131 ekiplerince y\u00fcr\u00fct\u00fclen \u00e7al\u0131\u015fmalar sonucu, \u2019kasten \u00f6ld\u00fcrme\u2019 su\u00e7undan arama kayd\u0131 bulunan 1 ki\u015fi d\u00fczenlenen operasyonla k\u0131sk\u0131vrak yakaland\u0131. Jandarmadaki i\u015flemlerinin ard\u0131ndan adliyeye sevk edilen \u015fah\u0131s tutuklanarak cezaevine g\u00f6nderildi.<br \/><\/p>\n","protected":false},"excerpt":{"rendered":"<p>Ayd\u0131n\u2019\u0131n Germencik il\u00e7esinde kasten \u00f6ld\u00fcrme su\u00e7undan aranan bir \u015fah\u0131s jandarma ekipleri taraf\u0131ndan ger\u00e7ekle\u015ftirilen operasyonla yakaland\u0131. Edinilen bilgiye g\u00f6re, Ayd\u0131n \u0130l Jandarma Komutanl\u0131\u011f\u0131 koordinesinde Germencik \u0130l\u00e7e Jandarma Komutanl\u0131\u011f\u0131 ekiplerince y\u00fcr\u00fct\u00fclen \u00e7al\u0131\u015fmalar sonucu, \u2019kasten \u00f6ld\u00fcrme\u2019 su\u00e7undan arama kayd\u0131 bulunan 1 ki\u015fi d\u00fczenlenen operasyonla k\u0131sk\u0131vrak yakaland\u0131. Jandarmadaki i\u015flemlerinin ard\u0131ndan adliyeye sevk edilen \u015fah\u0131s tutuklanarak cezaevine g\u00f6nderildi.<\/p>\n","protected":false},"author":1,"featured_media":67914,"comment_status":"open","ping_status":"open","sticky":false,"template":"","format":"standard","meta":{"_crdt_document":"","footnotes":""},"categories":[5],"tags":[],"class_list":["post-67913","post","type-post","status-publish","format-standard","has-post-thumbnail","hentry","category-asayis"],"_links":{"self":[{"href":"https:\/\/www.egemtv.com\/index.php?rest_route=\/wp\/v2\/posts\/67913","targetHints":{"allow":["GET"]}}],"collection":[{"href":"https:\/\/www.egemtv.com\/index.php?rest_route=\/wp\/v2\/posts"}],"about":[{"href":"https:\/\/www.egemtv.com\/index.php?rest_route=\/wp\/v2\/types\/post"}],"author":[{"embeddable":true,"href":"https:\/\/www.egemtv.com\/index.php?rest_route=\/wp\/v2\/users\/1"}],"replies":[{"embeddable":true,"href":"https:\/\/www.egemtv.com\/index.php?rest_route=%2Fwp%2Fv2%2Fcomments&post=67913"}],"version-history":[{"count":1,"href":"https:\/\/www.egemtv.com\/index.php?rest_route=\/wp\/v2\/posts\/67913\/revisions"}],"predecessor-version":[{"id":67915,"href":"https:\/\/www.egemtv.com\/index.php?rest_route=\/wp\/v2\/posts\/67913\/revisions\/67915"}],"wp:featuredmedia":[{"embeddable":true,"href":"https:\/\/www.egemtv.com\/index.php?rest_route=\/wp\/v2\/media\/67914"}],"wp:attachment":[{"href":"https:\/\/www.egemtv.com\/index.php?rest_route=%2Fwp%2Fv2%2Fmedia&parent=67913"}],"wp:term":[{"taxonomy":"category","embeddable":true,"href":"https:\/\/www.egemtv.com\/index.php?rest_route=%2Fwp%2Fv2%2Fcategories&post=67913"},{"taxonomy":"post_tag","embeddable":true,"href":"https:\/\/www.egemtv.com\/index.php?rest_route=%2Fwp%2Fv2%2Ftags&post=67913"}],"curies":[{"name":"wp","href":"https:\/\/api.w.org\/{rel}","templated":true}]}}