{"id":67910,"date":"2025-11-14T19:55:33","date_gmt":"2025-11-14T16:55:33","guid":{"rendered":"https:\/\/www.egemtv.com\/?p=67910"},"modified":"2025-11-14T19:55:34","modified_gmt":"2025-11-14T16:55:34","slug":"marmariste-karavanda-yasayan-emekliye-belediyeden-barinma-tutanagi-soku","status":"publish","type":"post","link":"https:\/\/www.egemtv.com\/?p=67910","title":{"rendered":"Marmaris\u2019te karavanda ya\u015fayan emekliye belediyeden &#8220;bar\u0131nma tutana\u011f\u0131&#8221; \u015foku"},"content":{"rendered":"<p>Mu\u011fla\u2019n\u0131n Marmaris il\u00e7esinde ya\u015fayan 72 ya\u015f\u0131ndaki emekli Y\u0131lmaz Kurban, ya\u015fad\u0131\u011f\u0131 motokaravan\u0131na belediye ekiplerince &#8220;bar\u0131nma tutana\u011f\u0131&#8221; tutuldu\u011funu belirterek duruma tepki g\u00f6sterdi.<br \/>\n<br \/>2020 y\u0131l\u0131nda kredi \u00e7ekerek ald\u0131\u011f\u0131 \u00e7ekme karavanda ya\u015famaya ba\u015flayan Kurban, daha \u00f6nce de belediyenin karavan\u0131n\u0131 kald\u0131rmas\u0131 \u00fczerine ailesinin deste\u011fiyle motokaravan ald\u0131\u011f\u0131n\u0131 s\u00f6yledi.<br \/>\n<br \/>Siteler Mahallesi\u2019nde yol kenar\u0131ndaki bir park cebine arac\u0131n\u0131 park etti\u011fini anlatan Kurban, bir sabah belediye ekiplerinin kalabal\u0131k bir \u015fekilde geldi\u011fini ifade ederek, &#8220;Belediye benden bar\u0131nma \u00fccreti istemiyor, bar\u0131nma hakk\u0131m\u0131 elimden almaya \u00e7al\u0131\u015f\u0131yor. Bu ara\u00e7 motorlu karavan; vergisi, sigortas\u0131, kaskosu var. Bir araba nas\u0131l trafik kurallar\u0131na uygun her yere park ediyorsa ben de park edebilirim. Ama\u00e7lar\u0131 sadece \u2018i\u00e7inde bar\u0131namazs\u0131n\u2019 demek. Zaten bunu bar\u0131nmak i\u00e7in ald\u0131m&#8221; dedi.<br \/>\n<br \/>Karavanda ocak, banyo ve tuvalet oldu\u011funu, ancak tuvaleti bo\u015faltma zorunlulu\u011fu nedeniyle genellikle d\u0131\u015far\u0131daki \u00fccretli tuvaletleri kulland\u0131\u011f\u0131n\u0131 belirten Kurban, at\u0131k suyu da yaln\u0131zca uygun noktalara b\u0131rakt\u0131\u011f\u0131n\u0131 s\u00f6yledi. Kurban &#8220;Hi\u00e7bir yere pislik b\u0131rakmam, masa sandalye atm\u0131yorum, tentemi bile a\u00e7m\u0131yorum. Y\u00fcksek ses yok, misafirim bile gelmiyor, kimseyi rahats\u0131z etmiyorum. At\u0131k sular\u0131m\u0131 bidonlara doldurup kanalizasyon logarlar\u0131na d\u00f6k\u00fcyorum asla \u00e7evreyi kirletmiyorum&#8221; diyerek kimseye zarar vermeden kendi halinde ya\u015famak istedi\u011fini belirtti.<\/p>\n<p>&#8220;Bar\u0131nmak su\u00e7 gibi g\u00f6sterildi&#8221;<br \/>\n<br \/>Pandemi d\u00f6neminde kald\u0131\u011f\u0131 alanda belediyenin karavanlara yasak getirdi\u011fini, tatilci san\u0131l\u0131p \u00fccretli kamp alanlar\u0131na y\u00f6nlendirildiklerini ifade eden Kurban, belediyenin karavan park\u0131 yapmakla y\u00fck\u00fcml\u00fc oldu\u011funu savundu. Uyar\u0131 yap\u0131lmadan zab\u0131ta ekiplerinin kap\u0131s\u0131n\u0131 \u00e7ald\u0131\u011f\u0131n\u0131 s\u00f6yleyen Kurban, ya\u015fanan olay\u0131 &#8220;Ge\u00e7en g\u00fcn birden 8-9 ki\u015fi geldiler. \u2018\u0130\u00e7eride bar\u0131n\u0131yor\u2019 diye tutanak tuttular. Bar\u0131nmak su\u00e7mu\u015f gibi. Karavan zaten bar\u0131nmak i\u00e7in var. Onlar\u0131n tutumu \u00fczerine kimli\u011fimi vermedim onlarda polisi \u00e7a\u011f\u0131rd\u0131lar, polise sordum \u2018Bar\u0131nmak ceza gerektirir mi?\u2019 diye; \u2018Hay\u0131r\u2019 dediler ama belediye tutanak tutarak ceza arkadan gelecek diyerek gittiler\u2019\u2019 \u015feklinde anlatt\u0131.<\/p>\n<p>&#8220;Belediye hizmet etmeli, ceza kesmemeli&#8221;<br \/>\n<br \/>Marmaris\u2019te karavan park\u0131 yap\u0131lmas\u0131 gerekti\u011fini belirten Kurban, \u015fehrin uygun alanlara sahip oldu\u011funu ancak belediyenin bu konuyu g\u00fcndeme almad\u0131\u011f\u0131n\u0131 s\u00f6yleyerek &#8220;Sosyal belediyecilik diyorlar ama hizmet yok. Esnaf bile bu uygulamalardan bezmi\u015f durumda. Tek iste\u011fimiz: Bizi rahats\u0131z etmesinler, hayat \u015fartlar\u0131m\u0131z\u0131 zorla\u015ft\u0131rmas\u0131nlar&#8221; diyerek belediyenin g\u00fcnl\u00fc\u011f\u00fc bin 500 lira olan uzakta \u00f6zel karavan kamp alanlar\u0131na y\u00f6nlendirdi\u011fini ifade etti.<br \/>\n<br \/>72 ya\u015f\u0131ndaki emekli Y\u0131lmaz Kurban ya\u015fad\u0131\u011f\u0131 3 metrekarelik karavan\u0131nda bar\u0131nman\u0131n su\u00e7 olmad\u0131\u011f\u0131n\u0131 ama belediyenin karavanlar i\u00e7in bir yer yap\u0131p elektrik su deste\u011fi verece\u011fi \u015fehir i\u00e7inde uygun bir yer g\u00f6sterirse seve seve oraya gidece\u011fini belirterek yetkililerden \u00e7\u00f6z\u00fcm istedi.<br \/><\/p>\n","protected":false},"excerpt":{"rendered":"<p>Mu\u011fla\u2019n\u0131n Marmaris il\u00e7esinde ya\u015fayan 72 ya\u015f\u0131ndaki emekli Y\u0131lmaz Kurban, ya\u015fad\u0131\u011f\u0131 motokaravan\u0131na belediye ekiplerince &#8220;bar\u0131nma tutana\u011f\u0131&#8221; tutuldu\u011funu belirterek duruma tepki g\u00f6sterdi. 2020 y\u0131l\u0131nda kredi \u00e7ekerek ald\u0131\u011f\u0131 \u00e7ekme karavanda ya\u015famaya ba\u015flayan Kurban, daha \u00f6nce de belediyenin karavan\u0131n\u0131 kald\u0131rmas\u0131 \u00fczerine ailesinin deste\u011fiyle motokaravan ald\u0131\u011f\u0131n\u0131 s\u00f6yledi. Siteler Mahallesi\u2019nde yol kenar\u0131ndaki bir park cebine arac\u0131n\u0131 park etti\u011fini anlatan Kurban, bir&#8230;<\/p>\n","protected":false},"author":1,"featured_media":67911,"comment_status":"open","ping_status":"open","sticky":false,"template":"","format":"standard","meta":{"_crdt_document":"","footnotes":""},"categories":[5],"tags":[],"class_list":["post-67910","post","type-post","status-publish","format-standard","has-post-thumbnail","hentry","category-asayis"],"_links":{"self":[{"href":"https:\/\/www.egemtv.com\/index.php?rest_route=\/wp\/v2\/posts\/67910","targetHints":{"allow":["GET"]}}],"collection":[{"href":"https:\/\/www.egemtv.com\/index.php?rest_route=\/wp\/v2\/posts"}],"about":[{"href":"https:\/\/www.egemtv.com\/index.php?rest_route=\/wp\/v2\/types\/post"}],"author":[{"embeddable":true,"href":"https:\/\/www.egemtv.com\/index.php?rest_route=\/wp\/v2\/users\/1"}],"replies":[{"embeddable":true,"href":"https:\/\/www.egemtv.com\/index.php?rest_route=%2Fwp%2Fv2%2Fcomments&post=67910"}],"version-history":[{"count":1,"href":"https:\/\/www.egemtv.com\/index.php?rest_route=\/wp\/v2\/posts\/67910\/revisions"}],"predecessor-version":[{"id":67912,"href":"https:\/\/www.egemtv.com\/index.php?rest_route=\/wp\/v2\/posts\/67910\/revisions\/67912"}],"wp:featuredmedia":[{"embeddable":true,"href":"https:\/\/www.egemtv.com\/index.php?rest_route=\/wp\/v2\/media\/67911"}],"wp:attachment":[{"href":"https:\/\/www.egemtv.com\/index.php?rest_route=%2Fwp%2Fv2%2Fmedia&parent=67910"}],"wp:term":[{"taxonomy":"category","embeddable":true,"href":"https:\/\/www.egemtv.com\/index.php?rest_route=%2Fwp%2Fv2%2Fcategories&post=67910"},{"taxonomy":"post_tag","embeddable":true,"href":"https:\/\/www.egemtv.com\/index.php?rest_route=%2Fwp%2Fv2%2Ftags&post=67910"}],"curies":[{"name":"wp","href":"https:\/\/api.w.org\/{rel}","templated":true}]}}