{"id":67907,"date":"2025-11-14T19:55:32","date_gmt":"2025-11-14T16:55:32","guid":{"rendered":"https:\/\/www.egemtv.com\/?p=67907"},"modified":"2025-11-14T19:55:33","modified_gmt":"2025-11-14T16:55:33","slug":"mavi-balonlar-diyabete-farkindalik-icin-gokyuzune-birakildi","status":"publish","type":"post","link":"https:\/\/www.egemtv.com\/?p=67907","title":{"rendered":"Mavi balonlar diyabete fark\u0131ndal\u0131k i\u00e7in g\u00f6ky\u00fcz\u00fcne b\u0131rak\u0131ld\u0131"},"content":{"rendered":"<p>Denizli \u0130l Sa\u011fl\u0131k M\u00fcd\u00fcrl\u00fc\u011f\u00fc taraf\u0131ndan 14 Kas\u0131m D\u00fcnya Diyabet G\u00fcn\u00fc kapsam\u0131nda hastal\u0131\u011fa dikkat \u00e7ekildi. Sa\u011fl\u0131k \u00e7al\u0131\u015fanlar\u0131na y\u00f6nelik e\u011fitimlerin verildi ve vatanda\u015flar\u0131n bilgilendirildi\u011fi etkinlikte diyabet fark\u0131ndal\u0131\u011f\u0131n\u0131n rengi mavi balonlar g\u00f6ky\u00fcz\u00fcne b\u0131rak\u0131ld\u0131.<\/p>\n<p>Sa\u011fl\u0131k Bakanl\u0131\u011f\u0131 taraf\u0131ndan aile hekimlerinin mesleki geli\u015fimlerini desteklemek ve klinik entegrasyon s\u00fcre\u00e7lerine katk\u0131 sa\u011flamak amac\u0131yla d\u00fczenlenen &#8220;Tan\u0131dan Tedaviye G\u00fcncel Yakla\u015f\u0131mlar&#8221; e\u011fitim program\u0131 Kas\u0131m Ay\u0131 konusu D\u00fcnya Diyabet G\u00fcn\u00fcnde &#8220;Diyabet&#8221; olarak belirlendi. Bu kapsamda Denizli\u2019de g\u00f6rev yapan Aile Hekimlerinden olu\u015fan birinci gruba e\u011fitim d\u00fczenlendi. Halk Sa\u011fl\u0131\u011f\u0131 Hizmetleri Ba\u015fkan\u0131 Dr. Aytekin Polat\u2019\u0131n g\u00fcn\u00fcn anlam ve \u00f6nemine de\u011finen konu\u015fmas\u0131yla ba\u015flayan program; Dahiliye Uzman\u0131 Dr. Mustafa \u0130z\u2019in e\u011fitimi ile devam etti. Yine diyabet g\u00fcn\u00fc kapsam\u0131nda Merkez ve il\u00e7elerde sa\u011fl\u0131k tesislerinde bir\u00e7ok etkinlikler d\u00fczenlendi. Kurulan stantlarda vatanda\u015flara diyabetin nedenleri, korunma y\u00f6ntemleri ve erken te\u015fhisin \u00f6nemi anlat\u0131l\u0131rken, isteyen vatanda\u015flar\u0131n kan \u015fekeri \u00f6l\u00e7\u00fcmleri \u00fccretsiz olarak ger\u00e7ekle\u015ftirildi.  \u0130l Sa\u011fl\u0131k M\u00fcd\u00fcrl\u00fc\u011f\u00fc Halk Sa\u011fl\u0131\u011f\u0131 Hizmetleri Ba\u015fkanl\u0131\u011f\u0131 ekibi taraf\u0131ndan diyabet fark\u0131ndal\u0131\u011f\u0131n\u0131n rengi olan mavi balonlar g\u00f6ky\u00fcz\u00fcne b\u0131rak\u0131larak Diyabet Hastal\u0131\u011f\u0131na dikkat \u00e7ekildi.<\/p>\n<p>&#8220;Diyabet \u00f6nlenebilir bir hastal\u0131kt\u0131r&#8221;<br \/>\n<br \/>Denizli \u0130l Sa\u011fl\u0131k M\u00fcd\u00fcr\u00fc Uz. Dr. Berna \u00d6zt\u00fcrk, diyabet hastal\u0131\u011f\u0131n\u0131n \u00f6zellikle t\u00fcm d\u00fcnyada \u00f6l\u00fcme neden olan bula\u015f\u0131c\u0131 olmayan hastal\u0131klar aras\u0131nda yer ald\u0131\u011f\u0131n\u0131 belirterek; &#8220;Halk aras\u0131nda \u015feker hastal\u0131\u011f\u0131 olarak da bilinen diyabetin g\u00f6r\u00fclme s\u0131kl\u0131\u011f\u0131 her ge\u00e7en g\u00fcn artmaktad\u0131r. Diyabetin ortaya \u00e7\u0131kmas\u0131 ile birlikte normal de\u011ferlerin \u00fczerinde seyreden kan \u015fekeri sinir sistemi, g\u00f6z, kalp ve b\u00f6brek gibi organlarda akut ve kronik komplikasyonalara neden olabilmekte, bunun bir sonucu olarak da bu organlar\u0131n i\u015flevlerinde \u00f6nemli sorunlara yol a\u00e7abilmektedir. Diyabetin temel nedenlerine bak\u0131ld\u0131\u011f\u0131nda; kentle\u015fme, ya\u015flanan bir n\u00fcfus, sa\u011fl\u0131ks\u0131z beslenme, azalan fiziksel aktivite ve dolay\u0131s\u0131yla obezitenin \u00e7ok \u00f6nemli etkileri oldu\u011fu g\u00f6r\u00fclmektedir. Uluslararas\u0131 Diyabet Federasyonu 2024 y\u0131l\u0131 verilerine g\u00f6re d\u00fcnyada 589 milyon insan diyabetlidir. Diyabetli insanlar\u0131n yakla\u015f\u0131k y\u00fczde 50\u2019sine tan\u0131 konulmam\u0131\u015ft\u0131r. Diyabetli 430 milyon ki\u015fi \u00e7al\u0131\u015fma hayat\u0131ndad\u0131r. D\u00fcnya Diyabet G\u00fcn\u00fc 2024-2026\u2019n\u0131n temas\u0131 \u2018Diyabet ve Esenlik\u2019tir. Uluslararas\u0131 Diyabet Federasyonu taraf\u0131ndan 2025 y\u0131l\u0131 i\u00e7in Diyabet G\u00fcn\u00fcn\u00fcn odak noktas\u0131n\u0131n \u2018i\u015fyerinde diyabet\u2019 olmas\u0131 hedeflendi\u011fi belirtilmektedir. Uluslararas\u0131 Diyabet Federasyonu\u2019nun projeksiyonlar\u0131na g\u00f6re 2050 y\u0131l\u0131na gelindi\u011finde her 8 yeti\u015fkinden 1\u2019i, yani yakla\u015f\u0131k 853 milyon ki\u015fi diyabet hastas\u0131 olacak; bu da y\u00fczde 45\u2019lik bir art\u0131\u015f anlam\u0131na gelmektedir&#8221; dedi.<br \/><\/p>\n","protected":false},"excerpt":{"rendered":"<p>Denizli \u0130l Sa\u011fl\u0131k M\u00fcd\u00fcrl\u00fc\u011f\u00fc taraf\u0131ndan 14 Kas\u0131m D\u00fcnya Diyabet G\u00fcn\u00fc kapsam\u0131nda hastal\u0131\u011fa dikkat \u00e7ekildi. Sa\u011fl\u0131k \u00e7al\u0131\u015fanlar\u0131na y\u00f6nelik e\u011fitimlerin verildi ve vatanda\u015flar\u0131n bilgilendirildi\u011fi etkinlikte diyabet fark\u0131ndal\u0131\u011f\u0131n\u0131n rengi mavi balonlar g\u00f6ky\u00fcz\u00fcne b\u0131rak\u0131ld\u0131. Sa\u011fl\u0131k Bakanl\u0131\u011f\u0131 taraf\u0131ndan aile hekimlerinin mesleki geli\u015fimlerini desteklemek ve klinik entegrasyon s\u00fcre\u00e7lerine katk\u0131 sa\u011flamak amac\u0131yla d\u00fczenlenen &#8220;Tan\u0131dan Tedaviye G\u00fcncel Yakla\u015f\u0131mlar&#8221; e\u011fitim program\u0131 Kas\u0131m Ay\u0131 konusu&#8230;<\/p>\n","protected":false},"author":1,"featured_media":67908,"comment_status":"open","ping_status":"open","sticky":false,"template":"","format":"standard","meta":{"_crdt_document":"","footnotes":""},"categories":[2],"tags":[],"class_list":["post-67907","post","type-post","status-publish","format-standard","has-post-thumbnail","hentry","category-saglik"],"_links":{"self":[{"href":"https:\/\/www.egemtv.com\/index.php?rest_route=\/wp\/v2\/posts\/67907","targetHints":{"allow":["GET"]}}],"collection":[{"href":"https:\/\/www.egemtv.com\/index.php?rest_route=\/wp\/v2\/posts"}],"about":[{"href":"https:\/\/www.egemtv.com\/index.php?rest_route=\/wp\/v2\/types\/post"}],"author":[{"embeddable":true,"href":"https:\/\/www.egemtv.com\/index.php?rest_route=\/wp\/v2\/users\/1"}],"replies":[{"embeddable":true,"href":"https:\/\/www.egemtv.com\/index.php?rest_route=%2Fwp%2Fv2%2Fcomments&post=67907"}],"version-history":[{"count":1,"href":"https:\/\/www.egemtv.com\/index.php?rest_route=\/wp\/v2\/posts\/67907\/revisions"}],"predecessor-version":[{"id":67909,"href":"https:\/\/www.egemtv.com\/index.php?rest_route=\/wp\/v2\/posts\/67907\/revisions\/67909"}],"wp:featuredmedia":[{"embeddable":true,"href":"https:\/\/www.egemtv.com\/index.php?rest_route=\/wp\/v2\/media\/67908"}],"wp:attachment":[{"href":"https:\/\/www.egemtv.com\/index.php?rest_route=%2Fwp%2Fv2%2Fmedia&parent=67907"}],"wp:term":[{"taxonomy":"category","embeddable":true,"href":"https:\/\/www.egemtv.com\/index.php?rest_route=%2Fwp%2Fv2%2Fcategories&post=67907"},{"taxonomy":"post_tag","embeddable":true,"href":"https:\/\/www.egemtv.com\/index.php?rest_route=%2Fwp%2Fv2%2Ftags&post=67907"}],"curies":[{"name":"wp","href":"https:\/\/api.w.org\/{rel}","templated":true}]}}