{"id":67904,"date":"2025-11-14T19:55:31","date_gmt":"2025-11-14T16:55:31","guid":{"rendered":"https:\/\/www.egemtv.com\/?p=67904"},"modified":"2025-11-14T19:55:32","modified_gmt":"2025-11-14T16:55:32","slug":"merkezefendide-egitim-ve-ogretim-destegi-sonuclari-aciklandi","status":"publish","type":"post","link":"https:\/\/www.egemtv.com\/?p=67904","title":{"rendered":"Merkezefendi\u2019de e\u011fitim ve \u00f6\u011fretim deste\u011fi sonu\u00e7lar\u0131 a\u00e7\u0131kland\u0131"},"content":{"rendered":"<p>Merkezefendi Belediyesi taraf\u0131ndan 5. ile 12. s\u0131n\u0131f aras\u0131nda e\u011fitim g\u00f6ren en fazla 4 bin \u00f6\u011frenciye sa\u011flanan \u00f6\u011frenim yard\u0131m\u0131 sonu\u00e7lar\u0131 a\u00e7\u0131kland\u0131.<\/p>\n<p>Merkezefendi Belediyesi, her y\u0131l d\u00fczenli olarak ortaokul ve lise dengi devlet okullar\u0131nda ve bu y\u0131l ilk kez meslek liselerinde e\u011fitim g\u00f6ren \u00f6\u011frencilere \u00f6ncelik verilecek olan e\u011fitim deste\u011fini s\u00fcrd\u00fcrmeye devam ediyor. \u0130htiya\u00e7 sahibi 5. ile 12. s\u0131n\u0131flar aras\u0131nda \u00f6\u011frenim g\u00f6ren en fazla 4 bin \u00f6\u011frencinin yararlanaca\u011f\u0131 \u00f6\u011frenim yard\u0131m\u0131 sonu\u00e7lar\u0131 a\u00e7\u0131kland\u0131.<\/p>\n<p>\u00d6\u011frenciler https:\/\/merkezefendi.bel.tr\/ogrenimyardimi\/sonuc.aspx adresinden sonu\u00e7lar\u0131 \u00f6\u011frenebilecek. Sonu\u00e7lara g\u00f6re \u00f6\u011frenim yard\u0131m\u0131n\u0131 almaya hak kazanan binlerce \u00f6\u011frenciye 8 ay boyunca \u00f6\u011frenim deste\u011fi imk\u00e2n\u0131 sa\u011flayacak. Ortaokulda \u00f6\u011frenim g\u00f6ren \u00f6\u011frencilere 900 TL, Lisede e\u011fitim g\u00f6ren \u00f6\u011frencilere ise 1200 TL \u00f6\u011frenim deste\u011fi sa\u011flanacak. \u00d6\u011frenim destekleri, \u00f6\u011frencilerin hesaplar\u0131na yat\u0131r\u0131lacak.<br \/><\/p>\n","protected":false},"excerpt":{"rendered":"<p>Merkezefendi Belediyesi taraf\u0131ndan 5. ile 12. s\u0131n\u0131f aras\u0131nda e\u011fitim g\u00f6ren en fazla 4 bin \u00f6\u011frenciye sa\u011flanan \u00f6\u011frenim yard\u0131m\u0131 sonu\u00e7lar\u0131 a\u00e7\u0131kland\u0131. Merkezefendi Belediyesi, her y\u0131l d\u00fczenli olarak ortaokul ve lise dengi devlet okullar\u0131nda ve bu y\u0131l ilk kez meslek liselerinde e\u011fitim g\u00f6ren \u00f6\u011frencilere \u00f6ncelik verilecek olan e\u011fitim deste\u011fini s\u00fcrd\u00fcrmeye devam ediyor. \u0130htiya\u00e7 sahibi 5. ile 12&#8230;.<\/p>\n","protected":false},"author":1,"featured_media":67905,"comment_status":"open","ping_status":"open","sticky":false,"template":"","format":"standard","meta":{"_crdt_document":"","footnotes":""},"categories":[1],"tags":[],"class_list":["post-67904","post","type-post","status-publish","format-standard","has-post-thumbnail","hentry","category-guncel"],"_links":{"self":[{"href":"https:\/\/www.egemtv.com\/index.php?rest_route=\/wp\/v2\/posts\/67904","targetHints":{"allow":["GET"]}}],"collection":[{"href":"https:\/\/www.egemtv.com\/index.php?rest_route=\/wp\/v2\/posts"}],"about":[{"href":"https:\/\/www.egemtv.com\/index.php?rest_route=\/wp\/v2\/types\/post"}],"author":[{"embeddable":true,"href":"https:\/\/www.egemtv.com\/index.php?rest_route=\/wp\/v2\/users\/1"}],"replies":[{"embeddable":true,"href":"https:\/\/www.egemtv.com\/index.php?rest_route=%2Fwp%2Fv2%2Fcomments&post=67904"}],"version-history":[{"count":1,"href":"https:\/\/www.egemtv.com\/index.php?rest_route=\/wp\/v2\/posts\/67904\/revisions"}],"predecessor-version":[{"id":67906,"href":"https:\/\/www.egemtv.com\/index.php?rest_route=\/wp\/v2\/posts\/67904\/revisions\/67906"}],"wp:featuredmedia":[{"embeddable":true,"href":"https:\/\/www.egemtv.com\/index.php?rest_route=\/wp\/v2\/media\/67905"}],"wp:attachment":[{"href":"https:\/\/www.egemtv.com\/index.php?rest_route=%2Fwp%2Fv2%2Fmedia&parent=67904"}],"wp:term":[{"taxonomy":"category","embeddable":true,"href":"https:\/\/www.egemtv.com\/index.php?rest_route=%2Fwp%2Fv2%2Fcategories&post=67904"},{"taxonomy":"post_tag","embeddable":true,"href":"https:\/\/www.egemtv.com\/index.php?rest_route=%2Fwp%2Fv2%2Ftags&post=67904"}],"curies":[{"name":"wp","href":"https:\/\/api.w.org\/{rel}","templated":true}]}}