{"id":67901,"date":"2025-11-14T19:14:44","date_gmt":"2025-11-14T16:14:44","guid":{"rendered":"https:\/\/www.egemtv.com\/?p=67901"},"modified":"2025-11-14T19:14:45","modified_gmt":"2025-11-14T16:14:45","slug":"aydinda-su-fiyatlarina-yuzde-70-indirim-onerisi-komisyona-havale-edildi","status":"publish","type":"post","link":"https:\/\/www.egemtv.com\/?p=67901","title":{"rendered":"Ayd\u0131n\u2019da su fiyatlar\u0131na y\u00fczde 70 indirim \u00f6nerisi komisyona havale edildi"},"content":{"rendered":"<p>Ayd\u0131n B\u00fcy\u00fck\u015fehir Belediye Ba\u015fkan\u0131 \u00d6zlem \u00c7er\u00e7io\u011flu, ASK\u0130 Genel Kurulu\u2019nda CHP Grubu taraf\u0131ndan verilen y\u00fczde 50 indirimin teklifini y\u00fczde 70\u2019e \u00e7\u0131kart\u0131rken, g\u00fcndem maddesi gerekli g\u00f6r\u00fc\u015fmelerin yap\u0131lmas\u0131 i\u00e7in ilgili komisyona havale edildi.<\/p>\n<p>Ayd\u0131n Su ve Kanalizasyon \u0130daresi (ASK\u0130) Genel Kurulu Ayd\u0131n B\u00fcy\u00fck\u015fehir Belediye Ba\u015fkan\u0131 \u00d6zlem \u00c7er\u00e7io\u011flu ba\u015fkanl\u0131\u011f\u0131nda ger\u00e7ekle\u015ftirildi. CHP Grubu taraf\u0131ndan verilen ve su \u00fccretlerinde y\u00fczde 50 indirim yap\u0131lmas\u0131n\u0131, ayr\u0131ca be\u015f y\u0131l boyunca zam uygulanmamas\u0131n\u0131 \u00f6ng\u00f6ren \u00f6nerge kurulda okundu\u011fu s\u0131rada dikkat \u00e7eken bir geli\u015fme ya\u015fand\u0131. \u00d6nergenin ard\u0131ndan konu\u015fan Ayd\u0131n B\u00fcy\u00fck\u015fehir Belediye Ba\u015fkan\u0131 \u00d6zlem \u00c7er\u00e7io\u011flu, &#8220;Y\u00fczde 50 indirim yeterli olmaz, bunu y\u00fczde 70\u2019e \u00e7\u0131karal\u0131m&#8221; ifadeleriyle konuya yeni bir boyut kazand\u0131rd\u0131. Ba\u015fkan \u00c7er\u00e7io\u011flu\u2019nun \u00e7\u0131k\u0131\u015f\u0131 sonras\u0131nda hem CHP Grubu\u2019nun teklifi hem de indirimin y\u00fczde 70\u2019e \u00e7\u0131kar\u0131lmas\u0131 y\u00f6n\u00fcndeki kar\u015f\u0131 \u00f6neri, meclis \u00fcyelerinin oybirli\u011fiyle ilgili komisyona havale edildi.<\/p>\n<p>Komisyondan \u00e7\u0131kacak rapor do\u011frultusunda su fiyatlar\u0131nda uygulanacak indirim oran\u0131n\u0131n netlik kazanmas\u0131 bekleniyor.<br \/><\/p>\n","protected":false},"excerpt":{"rendered":"<p>Ayd\u0131n B\u00fcy\u00fck\u015fehir Belediye Ba\u015fkan\u0131 \u00d6zlem \u00c7er\u00e7io\u011flu, ASK\u0130 Genel Kurulu\u2019nda CHP Grubu taraf\u0131ndan verilen y\u00fczde 50 indirimin teklifini y\u00fczde 70\u2019e \u00e7\u0131kart\u0131rken, g\u00fcndem maddesi gerekli g\u00f6r\u00fc\u015fmelerin yap\u0131lmas\u0131 i\u00e7in ilgili komisyona havale edildi. Ayd\u0131n Su ve Kanalizasyon \u0130daresi (ASK\u0130) Genel Kurulu Ayd\u0131n B\u00fcy\u00fck\u015fehir Belediye Ba\u015fkan\u0131 \u00d6zlem \u00c7er\u00e7io\u011flu ba\u015fkanl\u0131\u011f\u0131nda ger\u00e7ekle\u015ftirildi. CHP Grubu taraf\u0131ndan verilen ve su \u00fccretlerinde y\u00fczde 50&#8230;<\/p>\n","protected":false},"author":1,"featured_media":67902,"comment_status":"open","ping_status":"open","sticky":false,"template":"","format":"standard","meta":{"_crdt_document":"","footnotes":""},"categories":[1],"tags":[],"class_list":["post-67901","post","type-post","status-publish","format-standard","has-post-thumbnail","hentry","category-guncel"],"_links":{"self":[{"href":"https:\/\/www.egemtv.com\/index.php?rest_route=\/wp\/v2\/posts\/67901","targetHints":{"allow":["GET"]}}],"collection":[{"href":"https:\/\/www.egemtv.com\/index.php?rest_route=\/wp\/v2\/posts"}],"about":[{"href":"https:\/\/www.egemtv.com\/index.php?rest_route=\/wp\/v2\/types\/post"}],"author":[{"embeddable":true,"href":"https:\/\/www.egemtv.com\/index.php?rest_route=\/wp\/v2\/users\/1"}],"replies":[{"embeddable":true,"href":"https:\/\/www.egemtv.com\/index.php?rest_route=%2Fwp%2Fv2%2Fcomments&post=67901"}],"version-history":[{"count":1,"href":"https:\/\/www.egemtv.com\/index.php?rest_route=\/wp\/v2\/posts\/67901\/revisions"}],"predecessor-version":[{"id":67903,"href":"https:\/\/www.egemtv.com\/index.php?rest_route=\/wp\/v2\/posts\/67901\/revisions\/67903"}],"wp:featuredmedia":[{"embeddable":true,"href":"https:\/\/www.egemtv.com\/index.php?rest_route=\/wp\/v2\/media\/67902"}],"wp:attachment":[{"href":"https:\/\/www.egemtv.com\/index.php?rest_route=%2Fwp%2Fv2%2Fmedia&parent=67901"}],"wp:term":[{"taxonomy":"category","embeddable":true,"href":"https:\/\/www.egemtv.com\/index.php?rest_route=%2Fwp%2Fv2%2Fcategories&post=67901"},{"taxonomy":"post_tag","embeddable":true,"href":"https:\/\/www.egemtv.com\/index.php?rest_route=%2Fwp%2Fv2%2Ftags&post=67901"}],"curies":[{"name":"wp","href":"https:\/\/api.w.org\/{rel}","templated":true}]}}