{"id":67898,"date":"2025-11-14T18:14:49","date_gmt":"2025-11-14T15:14:49","guid":{"rendered":"https:\/\/www.egemtv.com\/?p=67898"},"modified":"2025-11-14T18:14:50","modified_gmt":"2025-11-14T15:14:50","slug":"salihlide-ureticilere-zeytin-dal-kanseri-uyarisi","status":"publish","type":"post","link":"https:\/\/www.egemtv.com\/?p=67898","title":{"rendered":"Salihli\u2019de \u00fcreticilere zeytin dal kanseri uyar\u0131s\u0131"},"content":{"rendered":"<p>Salihli \u0130l\u00e7e Tar\u0131m ve Orman M\u00fcd\u00fcrl\u00fc\u011f\u00fc zeytin hasad\u0131n\u0131 tamamlayan \u00fcreticilere zeytinde dal kanserine kar\u015f\u0131 kontrollerini yapmalar\u0131 uyar\u0131s\u0131nda bulundu.<br \/>\n<br \/>Manisa\u2019n\u0131n Salihli il\u00e7esindeki Tar\u0131m ve Orman M\u00fcd\u00fcrl\u00fc\u011f\u00fc, zeytin hasad\u0131n\u0131 tamamlayan \u00fcreticilere \u00f6nemli bir hat\u0131rlatma yapt\u0131. A\u00e7\u0131klamada, zeytin bah\u00e7elerinde g\u00f6r\u00fclebilen Zeytin Dal Kanseri hastal\u0131\u011f\u0131na kar\u015f\u0131 \u00fcreticilerin bah\u00e7elerini kontrol etmeleri gerekti\u011fi vurguland\u0131.<br \/>\n<br \/>Yetkililer, hastal\u0131\u011f\u0131n yay\u0131lmas\u0131n\u0131 \u00f6nlemek amac\u0131yla \u00fcreticilere %2\u2019lik bordo bulamac\u0131 ile ila\u00e7lama yapmalar\u0131 y\u00f6n\u00fcnde tavsiyede bulundu. M\u00fcd\u00fcrl\u00fck, ila\u00e7laman\u0131n \u00f6zellikle hasat sonras\u0131 d\u00f6nemde yap\u0131lmas\u0131n\u0131n, enfeksiyon riskini azaltmada etkili oldu\u011funu belirtti.<br \/>\n<br \/>Zeytin Dal Kanseri\u2019nin, a\u011fa\u00e7larda verim kayb\u0131na yol a\u00e7t\u0131\u011f\u0131, ilerleyen d\u00f6nemlerde ise dallar\u0131n tamamen kurumas\u0131na neden olabildi\u011fi ifade edildi. Tar\u0131m M\u00fcd\u00fcrl\u00fc\u011f\u00fc yetkilileri, \u00fcreticilerin bah\u00e7elerde \u015f\u00fcpheli yara, kabuk \u00e7atla\u011f\u0131 veya t\u00fcmsek olu\u015fumlar\u0131n\u0131 g\u00f6zden ge\u00e7irmelerini ve gerekli koruyucu uygulamalar\u0131 aksatmamalar\u0131n\u0131 istedi.<br \/>\n<br \/>M\u00fcd\u00fcrl\u00fck, \u00fcreticilerin detayl\u0131 bilgi ve destek i\u00e7in Salihli \u0130l\u00e7e Tar\u0131m ve Orman M\u00fcd\u00fcrl\u00fc\u011f\u00fc\u2019ne ba\u015fvurabilece\u011fini belirtti.<br \/><\/p>\n","protected":false},"excerpt":{"rendered":"<p>Salihli \u0130l\u00e7e Tar\u0131m ve Orman M\u00fcd\u00fcrl\u00fc\u011f\u00fc zeytin hasad\u0131n\u0131 tamamlayan \u00fcreticilere zeytinde dal kanserine kar\u015f\u0131 kontrollerini yapmalar\u0131 uyar\u0131s\u0131nda bulundu. Manisa\u2019n\u0131n Salihli il\u00e7esindeki Tar\u0131m ve Orman M\u00fcd\u00fcrl\u00fc\u011f\u00fc, zeytin hasad\u0131n\u0131 tamamlayan \u00fcreticilere \u00f6nemli bir hat\u0131rlatma yapt\u0131. A\u00e7\u0131klamada, zeytin bah\u00e7elerinde g\u00f6r\u00fclebilen Zeytin Dal Kanseri hastal\u0131\u011f\u0131na kar\u015f\u0131 \u00fcreticilerin bah\u00e7elerini kontrol etmeleri gerekti\u011fi vurguland\u0131. Yetkililer, hastal\u0131\u011f\u0131n yay\u0131lmas\u0131n\u0131 \u00f6nlemek amac\u0131yla \u00fcreticilere %2\u2019lik&#8230;<\/p>\n","protected":false},"author":1,"featured_media":67899,"comment_status":"open","ping_status":"open","sticky":false,"template":"","format":"standard","meta":{"_crdt_document":"","footnotes":""},"categories":[125],"tags":[],"class_list":["post-67898","post","type-post","status-publish","format-standard","has-post-thumbnail","hentry","category-ekonomi"],"_links":{"self":[{"href":"https:\/\/www.egemtv.com\/index.php?rest_route=\/wp\/v2\/posts\/67898","targetHints":{"allow":["GET"]}}],"collection":[{"href":"https:\/\/www.egemtv.com\/index.php?rest_route=\/wp\/v2\/posts"}],"about":[{"href":"https:\/\/www.egemtv.com\/index.php?rest_route=\/wp\/v2\/types\/post"}],"author":[{"embeddable":true,"href":"https:\/\/www.egemtv.com\/index.php?rest_route=\/wp\/v2\/users\/1"}],"replies":[{"embeddable":true,"href":"https:\/\/www.egemtv.com\/index.php?rest_route=%2Fwp%2Fv2%2Fcomments&post=67898"}],"version-history":[{"count":1,"href":"https:\/\/www.egemtv.com\/index.php?rest_route=\/wp\/v2\/posts\/67898\/revisions"}],"predecessor-version":[{"id":67900,"href":"https:\/\/www.egemtv.com\/index.php?rest_route=\/wp\/v2\/posts\/67898\/revisions\/67900"}],"wp:featuredmedia":[{"embeddable":true,"href":"https:\/\/www.egemtv.com\/index.php?rest_route=\/wp\/v2\/media\/67899"}],"wp:attachment":[{"href":"https:\/\/www.egemtv.com\/index.php?rest_route=%2Fwp%2Fv2%2Fmedia&parent=67898"}],"wp:term":[{"taxonomy":"category","embeddable":true,"href":"https:\/\/www.egemtv.com\/index.php?rest_route=%2Fwp%2Fv2%2Fcategories&post=67898"},{"taxonomy":"post_tag","embeddable":true,"href":"https:\/\/www.egemtv.com\/index.php?rest_route=%2Fwp%2Fv2%2Ftags&post=67898"}],"curies":[{"name":"wp","href":"https:\/\/api.w.org\/{rel}","templated":true}]}}