{"id":67892,"date":"2025-11-14T17:54:45","date_gmt":"2025-11-14T14:54:45","guid":{"rendered":"https:\/\/www.egemtv.com\/?p=67892"},"modified":"2025-11-14T17:54:45","modified_gmt":"2025-11-14T14:54:45","slug":"metruk-bina-yikimi-yarida-kaldi-evime-zarar-geliyor-dedi-ortaligi-birbirine-katti","status":"publish","type":"post","link":"https:\/\/www.egemtv.com\/?p=67892","title":{"rendered":"Metruk bina y\u0131k\u0131m\u0131 yar\u0131da kald\u0131, evime zarar geliyor dedi ortal\u0131\u011f\u0131 birbirine katt\u0131"},"content":{"rendered":"<p>Burdur\u2019da uzun s\u00fcredir tart\u0131\u015fma konusu olan metruk bina bug\u00fcn sabah saatlerinde ekipler taraf\u0131ndan y\u0131k\u0131m\u0131na ba\u015fland\u0131. Metruk binan\u0131n arkas\u0131ndaki evinde ya\u015fayan kad\u0131n\u0131n olay \u00e7\u0131karmas\u0131n\u0131n ard\u0131ndan y\u0131k\u0131m yar\u0131da kald\u0131.<br \/>\n<br \/>Burdur\u2019un tarihine \u0131\u015f\u0131k tutan eski mahalleleri, gelen turistlerin ilgisini \u00e7ekse de baz\u0131 binalar\u0131n harap g\u00f6r\u00fcnt\u00fcleri yan\u0131ndan ge\u00e7enleri y\u0131k\u0131lma korkusuyla endi\u015feye d\u00fc\u015f\u00fcr\u00fcyor. Baz\u0131 konaklar restore edilip tekrar turizme kazand\u0131r\u0131l\u0131rken, baz\u0131lar\u0131 da kendi haline \u00e7\u00fcr\u00fcmeye b\u0131rak\u0131lm\u0131\u015f durumda. Burdur merkez De\u011firmenler Mahallesi Divanbaba Caddesi Yurt\u00e7\u0131kmaz\u0131 Sokak \u00fczerinde bulunan tarihi bina da bunlardan bir tanesi. Neredeyse yar\u0131s\u0131ndan fazlas\u0131 y\u0131k\u0131lan metruk bina, \u00e7evrede ya\u015fayanlar i\u00e7in b\u00fcy\u00fck tehlike olu\u015fturuyordu. Burdur Belediyesine binan\u0131n y\u0131k\u0131lmas\u0131 \u00fczerine verilen dilek\u00e7elerin ard\u0131ndan uzun s\u00fcreden sonra bug\u00fcn harekete ge\u00e7ti.<\/p>\n<p>Evime zarar verilecek dedi, ortal\u0131\u011f\u0131 birbirine katt\u0131<br \/>\n<br \/>Sabah saatlerinde y\u0131k\u0131m, zab\u0131ta ve polis ekipleri metruk binaya gelerek y\u0131k\u0131m i\u015flemine ba\u015flad\u0131. Binan\u0131n yar\u0131s\u0131n\u0131 y\u0131k\u0131ld\u0131ktan sonras\u0131nda binan\u0131n arkas\u0131nda bulunan evde oturan kirac\u0131 olarak oturan Nil\u00fcfer Baykara, y\u0131k\u0131ma itiraz etti. Baykara evinin i\u00e7erisinde \u00e7ok say\u0131da kedi ve k\u00f6pe\u011fe bakt\u0131\u011f\u0131n\u0131 iddia ederek y\u0131k\u0131lan par\u00e7alar\u0131n\u0131n evine geldi\u011fini ve hayvanlar\u0131n\u0131n \u00f6lece\u011fini s\u00f6yledi. Bunun \u00fczerine ekipler taraf\u0131ndan y\u0131k\u0131m durduruldu. Ekiplere uzun s\u00fcre itiraz eden Baykara bu esnada olay\u0131 g\u00f6r\u00fcnt\u00fcleyen bas\u0131n mensuplar\u0131na da tepki g\u00f6sterdi. Ekipler taraf\u0131ndan yap\u0131lan incelemenin ard\u0131ndan Baykara\u2019n\u0131n evine moloz gelmemesi i\u00e7in \u00f6nlem al\u0131narak y\u0131k\u0131ma devam edilme karar\u0131 verildi.<br \/><\/p>\n","protected":false},"excerpt":{"rendered":"<p>Burdur\u2019da uzun s\u00fcredir tart\u0131\u015fma konusu olan metruk bina bug\u00fcn sabah saatlerinde ekipler taraf\u0131ndan y\u0131k\u0131m\u0131na ba\u015fland\u0131. Metruk binan\u0131n arkas\u0131ndaki evinde ya\u015fayan kad\u0131n\u0131n olay \u00e7\u0131karmas\u0131n\u0131n ard\u0131ndan y\u0131k\u0131m yar\u0131da kald\u0131. Burdur\u2019un tarihine \u0131\u015f\u0131k tutan eski mahalleleri, gelen turistlerin ilgisini \u00e7ekse de baz\u0131 binalar\u0131n harap g\u00f6r\u00fcnt\u00fcleri yan\u0131ndan ge\u00e7enleri y\u0131k\u0131lma korkusuyla endi\u015feye d\u00fc\u015f\u00fcr\u00fcyor. Baz\u0131 konaklar restore edilip tekrar turizme kazand\u0131r\u0131l\u0131rken,&#8230;<\/p>\n","protected":false},"author":1,"featured_media":67893,"comment_status":"open","ping_status":"open","sticky":false,"template":"","format":"standard","meta":{"_crdt_document":"","footnotes":""},"categories":[5],"tags":[],"class_list":["post-67892","post","type-post","status-publish","format-standard","has-post-thumbnail","hentry","category-asayis"],"_links":{"self":[{"href":"https:\/\/www.egemtv.com\/index.php?rest_route=\/wp\/v2\/posts\/67892","targetHints":{"allow":["GET"]}}],"collection":[{"href":"https:\/\/www.egemtv.com\/index.php?rest_route=\/wp\/v2\/posts"}],"about":[{"href":"https:\/\/www.egemtv.com\/index.php?rest_route=\/wp\/v2\/types\/post"}],"author":[{"embeddable":true,"href":"https:\/\/www.egemtv.com\/index.php?rest_route=\/wp\/v2\/users\/1"}],"replies":[{"embeddable":true,"href":"https:\/\/www.egemtv.com\/index.php?rest_route=%2Fwp%2Fv2%2Fcomments&post=67892"}],"version-history":[{"count":1,"href":"https:\/\/www.egemtv.com\/index.php?rest_route=\/wp\/v2\/posts\/67892\/revisions"}],"predecessor-version":[{"id":67894,"href":"https:\/\/www.egemtv.com\/index.php?rest_route=\/wp\/v2\/posts\/67892\/revisions\/67894"}],"wp:featuredmedia":[{"embeddable":true,"href":"https:\/\/www.egemtv.com\/index.php?rest_route=\/wp\/v2\/media\/67893"}],"wp:attachment":[{"href":"https:\/\/www.egemtv.com\/index.php?rest_route=%2Fwp%2Fv2%2Fmedia&parent=67892"}],"wp:term":[{"taxonomy":"category","embeddable":true,"href":"https:\/\/www.egemtv.com\/index.php?rest_route=%2Fwp%2Fv2%2Fcategories&post=67892"},{"taxonomy":"post_tag","embeddable":true,"href":"https:\/\/www.egemtv.com\/index.php?rest_route=%2Fwp%2Fv2%2Ftags&post=67892"}],"curies":[{"name":"wp","href":"https:\/\/api.w.org\/{rel}","templated":true}]}}