{"id":67889,"date":"2025-11-14T17:38:08","date_gmt":"2025-11-14T14:38:08","guid":{"rendered":"https:\/\/www.egemtv.com\/?p=67889"},"modified":"2025-11-14T17:38:09","modified_gmt":"2025-11-14T14:38:09","slug":"yelkenli-teknede-22-duzensiz-gocmen-ve-bir-gocmen-kacakcisi-yakalandi","status":"publish","type":"post","link":"https:\/\/www.egemtv.com\/?p=67889","title":{"rendered":"Yelkenli teknede 22 d\u00fczensiz g\u00f6\u00e7men ve bir g\u00f6\u00e7men ka\u00e7ak\u00e7\u0131s\u0131 yakaland\u0131"},"content":{"rendered":"<p>Mu\u011fla\u2019n\u0131n Dat\u00e7a il\u00e7esi a\u00e7\u0131klar\u0131nda seyreden yelkenli teknede Sahil G\u00fcvenlik ekipleri taraf\u0131ndan yap\u0131lan kontrolde, 5\u2019i \u00e7ocuk 22 d\u00fczensiz g\u00f6\u00e7men ve bir g\u00f6\u00e7men ka\u00e7ak\u00e7\u0131l\u0131\u011f\u0131 \u015f\u00fcphelisi yakaland\u0131.<br \/>\n<br \/>Dat\u00e7a il\u00e7esi a\u00e7\u0131klar\u0131nda g\u00f6revli Sahil G\u00fcvenlik Gemisi ve Sahil G\u00fcvenlik Botu taraf\u0131ndan i\u00e7erisinde d\u00fczensiz g\u00f6\u00e7men olabilece\u011fi de\u011ferlendirilen hareketli yelkenli tekne durduruldu. Teknede yap\u0131lan kontroller neticesinde tekne i\u00e7erisinde tespit edilen 17 d\u00fczensiz g\u00f6\u00e7men (beraberinde 5 \u00e7ocuk) ve 1 g\u00f6\u00e7men ka\u00e7ak\u00e7\u0131s\u0131 \u015f\u00fcphelisi yakalanm\u0131\u015ft\u0131r.<br \/><\/p>\n","protected":false},"excerpt":{"rendered":"<p>Mu\u011fla\u2019n\u0131n Dat\u00e7a il\u00e7esi a\u00e7\u0131klar\u0131nda seyreden yelkenli teknede Sahil G\u00fcvenlik ekipleri taraf\u0131ndan yap\u0131lan kontrolde, 5\u2019i \u00e7ocuk 22 d\u00fczensiz g\u00f6\u00e7men ve bir g\u00f6\u00e7men ka\u00e7ak\u00e7\u0131l\u0131\u011f\u0131 \u015f\u00fcphelisi yakaland\u0131. Dat\u00e7a il\u00e7esi a\u00e7\u0131klar\u0131nda g\u00f6revli Sahil G\u00fcvenlik Gemisi ve Sahil G\u00fcvenlik Botu taraf\u0131ndan i\u00e7erisinde d\u00fczensiz g\u00f6\u00e7men olabilece\u011fi de\u011ferlendirilen hareketli yelkenli tekne durduruldu. Teknede yap\u0131lan kontroller neticesinde tekne i\u00e7erisinde tespit edilen 17 d\u00fczensiz&#8230;<\/p>\n","protected":false},"author":1,"featured_media":67890,"comment_status":"open","ping_status":"open","sticky":false,"template":"","format":"standard","meta":{"_crdt_document":"","footnotes":""},"categories":[5],"tags":[],"class_list":["post-67889","post","type-post","status-publish","format-standard","has-post-thumbnail","hentry","category-asayis"],"_links":{"self":[{"href":"https:\/\/www.egemtv.com\/index.php?rest_route=\/wp\/v2\/posts\/67889","targetHints":{"allow":["GET"]}}],"collection":[{"href":"https:\/\/www.egemtv.com\/index.php?rest_route=\/wp\/v2\/posts"}],"about":[{"href":"https:\/\/www.egemtv.com\/index.php?rest_route=\/wp\/v2\/types\/post"}],"author":[{"embeddable":true,"href":"https:\/\/www.egemtv.com\/index.php?rest_route=\/wp\/v2\/users\/1"}],"replies":[{"embeddable":true,"href":"https:\/\/www.egemtv.com\/index.php?rest_route=%2Fwp%2Fv2%2Fcomments&post=67889"}],"version-history":[{"count":1,"href":"https:\/\/www.egemtv.com\/index.php?rest_route=\/wp\/v2\/posts\/67889\/revisions"}],"predecessor-version":[{"id":67891,"href":"https:\/\/www.egemtv.com\/index.php?rest_route=\/wp\/v2\/posts\/67889\/revisions\/67891"}],"wp:featuredmedia":[{"embeddable":true,"href":"https:\/\/www.egemtv.com\/index.php?rest_route=\/wp\/v2\/media\/67890"}],"wp:attachment":[{"href":"https:\/\/www.egemtv.com\/index.php?rest_route=%2Fwp%2Fv2%2Fmedia&parent=67889"}],"wp:term":[{"taxonomy":"category","embeddable":true,"href":"https:\/\/www.egemtv.com\/index.php?rest_route=%2Fwp%2Fv2%2Fcategories&post=67889"},{"taxonomy":"post_tag","embeddable":true,"href":"https:\/\/www.egemtv.com\/index.php?rest_route=%2Fwp%2Fv2%2Ftags&post=67889"}],"curies":[{"name":"wp","href":"https:\/\/api.w.org\/{rel}","templated":true}]}}