{"id":67886,"date":"2025-11-14T17:14:53","date_gmt":"2025-11-14T14:14:53","guid":{"rendered":"https:\/\/www.egemtv.com\/?p=67886"},"modified":"2025-11-14T17:14:54","modified_gmt":"2025-11-14T14:14:54","slug":"cop-kamyoneti-seyir-halinde-alev-aldi","status":"publish","type":"post","link":"https:\/\/www.egemtv.com\/?p=67886","title":{"rendered":"\u00c7\u00f6p kamyoneti seyir halinde alev ald\u0131"},"content":{"rendered":"<p>Mente\u015fe Belediyesi\u2019ne ait \u00e7\u00f6p kamyoneti, Kat\u0131 At\u0131k Depolama Tesisi yolunda motor k\u0131sm\u0131ndan alev ald\u0131. \u015eof\u00f6r\u00fcn h\u0131zl\u0131 m\u00fcdahalesi faciay\u0131 \u00f6nledi.<br \/>\n<br \/>Mu\u011fla\u2019n\u0131n Mente\u015fe il\u00e7esinde Mu\u011fla B\u00fcy\u00fck\u015fehir Kat\u0131 At\u0131k Depolama Tesisi\u2019ne giden Mente\u015fe Belediyesi\u2019ne ait \u00e7\u00f6p kamyonetinde yang\u0131n \u00e7\u0131kt\u0131. Seyir halindeyken motor k\u0131sm\u0131ndan alevlerin y\u00fckseldi\u011fini fark eden ara\u00e7 \u015fof\u00f6r\u00fc, h\u0131zla m\u00fcdahale ederek yang\u0131n\u0131n b\u00fcy\u00fcmesini engelledi.<br \/>\n<br \/>\u0130hbar \u00fczerine b\u00f6lgeye Mu\u011fla B\u00fcy\u00fck\u015fehir Belediyesi \u0130tfaiye ekipleri sevk edildi. Olay yerine ula\u015fan itfaiye ekipleri, kamyonette so\u011futma \u00e7al\u0131\u015fmas\u0131 yapt\u0131.<br \/>\n<br \/>Yang\u0131nda can kayb\u0131 ve yaralanma ya\u015fanmazken ara\u00e7ta maddi hasar olu\u015ftu. Yang\u0131n\u0131n \u00e7\u0131k\u0131\u015f nedeni ile ilgili inceleme ba\u015flat\u0131ld\u0131.<br \/><\/p>\n","protected":false},"excerpt":{"rendered":"<p>Mente\u015fe Belediyesi\u2019ne ait \u00e7\u00f6p kamyoneti, Kat\u0131 At\u0131k Depolama Tesisi yolunda motor k\u0131sm\u0131ndan alev ald\u0131. \u015eof\u00f6r\u00fcn h\u0131zl\u0131 m\u00fcdahalesi faciay\u0131 \u00f6nledi. Mu\u011fla\u2019n\u0131n Mente\u015fe il\u00e7esinde Mu\u011fla B\u00fcy\u00fck\u015fehir Kat\u0131 At\u0131k Depolama Tesisi\u2019ne giden Mente\u015fe Belediyesi\u2019ne ait \u00e7\u00f6p kamyonetinde yang\u0131n \u00e7\u0131kt\u0131. Seyir halindeyken motor k\u0131sm\u0131ndan alevlerin y\u00fckseldi\u011fini fark eden ara\u00e7 \u015fof\u00f6r\u00fc, h\u0131zla m\u00fcdahale ederek yang\u0131n\u0131n b\u00fcy\u00fcmesini engelledi. \u0130hbar \u00fczerine b\u00f6lgeye&#8230;<\/p>\n","protected":false},"author":1,"featured_media":67887,"comment_status":"open","ping_status":"open","sticky":false,"template":"","format":"standard","meta":{"_crdt_document":"","footnotes":""},"categories":[5],"tags":[],"class_list":["post-67886","post","type-post","status-publish","format-standard","has-post-thumbnail","hentry","category-asayis"],"_links":{"self":[{"href":"https:\/\/www.egemtv.com\/index.php?rest_route=\/wp\/v2\/posts\/67886","targetHints":{"allow":["GET"]}}],"collection":[{"href":"https:\/\/www.egemtv.com\/index.php?rest_route=\/wp\/v2\/posts"}],"about":[{"href":"https:\/\/www.egemtv.com\/index.php?rest_route=\/wp\/v2\/types\/post"}],"author":[{"embeddable":true,"href":"https:\/\/www.egemtv.com\/index.php?rest_route=\/wp\/v2\/users\/1"}],"replies":[{"embeddable":true,"href":"https:\/\/www.egemtv.com\/index.php?rest_route=%2Fwp%2Fv2%2Fcomments&post=67886"}],"version-history":[{"count":1,"href":"https:\/\/www.egemtv.com\/index.php?rest_route=\/wp\/v2\/posts\/67886\/revisions"}],"predecessor-version":[{"id":67888,"href":"https:\/\/www.egemtv.com\/index.php?rest_route=\/wp\/v2\/posts\/67886\/revisions\/67888"}],"wp:featuredmedia":[{"embeddable":true,"href":"https:\/\/www.egemtv.com\/index.php?rest_route=\/wp\/v2\/media\/67887"}],"wp:attachment":[{"href":"https:\/\/www.egemtv.com\/index.php?rest_route=%2Fwp%2Fv2%2Fmedia&parent=67886"}],"wp:term":[{"taxonomy":"category","embeddable":true,"href":"https:\/\/www.egemtv.com\/index.php?rest_route=%2Fwp%2Fv2%2Fcategories&post=67886"},{"taxonomy":"post_tag","embeddable":true,"href":"https:\/\/www.egemtv.com\/index.php?rest_route=%2Fwp%2Fv2%2Ftags&post=67886"}],"curies":[{"name":"wp","href":"https:\/\/api.w.org\/{rel}","templated":true}]}}