{"id":67883,"date":"2025-11-14T17:14:52","date_gmt":"2025-11-14T14:14:52","guid":{"rendered":"https:\/\/www.egemtv.com\/?p=67883"},"modified":"2025-11-14T17:14:53","modified_gmt":"2025-11-14T14:14:53","slug":"mentese-belediyesinin-ilk-cocuk-kresi-acildi","status":"publish","type":"post","link":"https:\/\/www.egemtv.com\/?p=67883","title":{"rendered":"Mente\u015fe Belediyesi\u2019nin ilk \u2018\u00c7ocuk Kre\u015f\u2019i a\u00e7\u0131ld\u0131"},"content":{"rendered":"<p>Mente\u015fe Belediye Ba\u015fkan\u0131 G\u00f6nca K\u00f6ksal, se\u00e7im d\u00f6neminde s\u00f6z verdi\u011fi \u00e7ocuk kre\u015finin ilkini Bay\u0131r mahallesinde a\u00e7t\u0131. Bay\u0131r mahallesinin bir sanayi mahallesi olmas\u0131 nedeniyle \u00f6zellikle bu mahalleyi se\u00e7tiklerini belirten Ba\u015fkan K\u00f6ksal Aras, kre\u015fin 2 s\u0131n\u0131f ve 34 \u00f6\u011frenci kapasiteli olaca\u011f\u0131n\u0131 belirtti.<br \/>\n<br \/>&#8220;Bay\u0131r mahallesini \u00f6zellikle se\u00e7tik&#8221;<br \/>\n<br \/>Bay\u0131r Mahallesinde hizmet giren Mente\u015fe Belediyesi kre\u015finin Milli E\u011fitim m\u00fcfredat\u0131na uygun e\u011fitim verilece\u011fini belirten Mente\u015fe Belediye Ba\u015fkan\u0131 K\u00f6ksal Aras, &#8220;Mente\u015fe Belediyesi olarak Kent lokantalar\u0131n\u0131 a\u00e7t\u0131k, bi bal\u0131k restoran\u0131 a\u00e7t\u0131k. Kad\u0131n dan\u0131\u015fma merkezlerimiz gibi bir\u00e7ok alanda, canla ba\u015fla \u00e7al\u0131\u015f\u0131yoruz. \u00c7ok istiyorduk ki bir kre\u015fimiz olsun. \u00c7\u00fcnk\u00fc Mente\u015fe Belediyesi\u2019nin bir kre\u015fi yoktu. Kad\u0131nlar\u0131n sosyal ya\u015fama, \u00e7al\u0131\u015fma hayat\u0131na, i\u015f hayat\u0131na dahil olabilmeleri i\u00e7in k\u00fc\u00e7\u00fck \u00e7ocuklar\u0131n\u0131 b\u0131rakacaklar\u0131 g\u00fcvenli, huzurlu, tertemiz bir mekana ihtiya\u00e7lar\u0131 vard\u0131. Ama sadece bununla s\u0131n\u0131rl\u0131 de\u011fil, o \u00e7ocuklar\u0131 topluma en do\u011fru \u015fekilde kazand\u0131rmak da \u00e7ok \u00f6nemliydi. Biz yapt\u0131\u011f\u0131m\u0131z t\u00fcm hizmetlerde t\u00fcm detaylar\u0131 d\u00fc\u015f\u00fcnerek hayata ge\u00e7iyoruz. Bay\u0131r\u2019\u0131 se\u00e7memizde \u00f6zel bir sebebi var. \u00c7\u00fcnk\u00fc Bay\u0131r, sanayi tesislerinin yo\u011funlukta bulundu\u011fu bir sanayi mahallesi. Dolay\u0131s\u0131 ile i\u015f imkan\u0131, kad\u0131nlar\u0131n i\u015fe gidebilme imkan\u0131 bu mahallemizde daha \u00e7ok. \u0130kinciyi tabii ki de\u011ferlendirece\u011fiz ama Bay\u0131r\u2019\u0131 bu sebepten kad\u0131nlar\u0131n i\u015f ya\u015fam\u0131na \u00e7ok daha kolay dair yolu kendi ekonomik \u00f6zg\u00fcrl\u00fcklerine ele alabilmeleri i\u00e7in de planlad\u0131k&#8221; dedi.<br \/>\n<br \/>34 \u00f6\u011frencisi olacak<br \/>\n<br \/>Mente\u015fe Belediye Ba\u015fkan\u0131 Gonca K\u00f6ksal Aras, ba\u015fvurular\u0131 almaya ba\u015flad\u0131klar\u0131n\u0131, Bay\u0131r \u00c7ocuk Kre\u015finin 2 s\u0131n\u0131f ve 34 \u00f6\u011frenci kapasiteli olaca\u011f\u0131n\u0131 belirterek, &#8220;Ba\u015fvurular\u0131m\u0131z\u0131 ald\u0131k. \u015eu anda iki s\u0131n\u0131f\u0131m\u0131z olacak burada. 34 \u00f6\u011frencimiz olacak. Fiyat\u0131m\u0131z 13 Bin lira olacak. B\u00f6yle bir hizmetin fiyat\u0131 asla normal \u015fartlarda tabii ki bu kadar d\u00fc\u015f\u00fck de\u011fil. P\u0131r\u0131l p\u0131r\u0131l, yeti\u015fmi\u015f, tecr\u00fcbeli \u00f6\u011fretmenlerimiz var. Milli E\u011fitim m\u00fcfredat\u0131n\u0131 uygulayaca\u011f\u0131z. Aile Sosyal Politikalar Bakanl\u0131\u011f\u0131ndan ruhsat\u0131m\u0131z\u0131 ald\u0131k. Tamamen onlar\u0131n kontrol\u00fcne ve denetiminde. \u0130lk Belediye Ba\u015fkan\u0131 olarak se\u00e7ildi\u011fimiz d\u00f6nemlerde belediyeler art\u0131k kre\u015f a\u00e7amayacak gibi bir s\u00f6ylen vard\u0131. Biz de dedik ki biz kre\u015fimizi a\u00e7aca\u011f\u0131z. Ama neyse b\u00fct\u00fcn prosed\u00fcr ona uygun bir \u015fekilde yapaca\u011f\u0131z. Kald\u0131 ki bunu da yapt\u0131k. Aile Sosyal Politikalardan ruhsat\u0131m\u0131z\u0131 ald\u0131k. Milli E\u011fitim m\u00fcfredat\u0131n\u0131n yan\u0131nda tabi ki d\u00fcnyadaki en g\u00fcncel okul \u00f6ncesi e\u011fitimdeki y\u00f6ntemleri de bu m\u00fcfredata adapte ederek bunu yapaca\u011f\u0131z. B\u00fct\u00fcn bunlar\u0131 harmanlayarak burada Atat\u00fcrk ilkelerine, Cumhuriyet\u2019in de\u011ferlerine sahip \u00e7\u0131kacak, o fark\u0131ndal\u0131\u011f\u0131 olu\u015fturacak nesiller, \u00e7ocuklar yeti\u015ftirilir&#8221; dedi.<br \/><\/p>\n","protected":false},"excerpt":{"rendered":"<p>Mente\u015fe Belediye Ba\u015fkan\u0131 G\u00f6nca K\u00f6ksal, se\u00e7im d\u00f6neminde s\u00f6z verdi\u011fi \u00e7ocuk kre\u015finin ilkini Bay\u0131r mahallesinde a\u00e7t\u0131. Bay\u0131r mahallesinin bir sanayi mahallesi olmas\u0131 nedeniyle \u00f6zellikle bu mahalleyi se\u00e7tiklerini belirten Ba\u015fkan K\u00f6ksal Aras, kre\u015fin 2 s\u0131n\u0131f ve 34 \u00f6\u011frenci kapasiteli olaca\u011f\u0131n\u0131 belirtti. &#8220;Bay\u0131r mahallesini \u00f6zellikle se\u00e7tik&#8221; Bay\u0131r Mahallesinde hizmet giren Mente\u015fe Belediyesi kre\u015finin Milli E\u011fitim m\u00fcfredat\u0131na uygun e\u011fitim&#8230;<\/p>\n","protected":false},"author":1,"featured_media":67884,"comment_status":"open","ping_status":"open","sticky":false,"template":"","format":"standard","meta":{"_crdt_document":"","footnotes":""},"categories":[123],"tags":[],"class_list":["post-67883","post","type-post","status-publish","format-standard","has-post-thumbnail","hentry","category-gundem"],"_links":{"self":[{"href":"https:\/\/www.egemtv.com\/index.php?rest_route=\/wp\/v2\/posts\/67883","targetHints":{"allow":["GET"]}}],"collection":[{"href":"https:\/\/www.egemtv.com\/index.php?rest_route=\/wp\/v2\/posts"}],"about":[{"href":"https:\/\/www.egemtv.com\/index.php?rest_route=\/wp\/v2\/types\/post"}],"author":[{"embeddable":true,"href":"https:\/\/www.egemtv.com\/index.php?rest_route=\/wp\/v2\/users\/1"}],"replies":[{"embeddable":true,"href":"https:\/\/www.egemtv.com\/index.php?rest_route=%2Fwp%2Fv2%2Fcomments&post=67883"}],"version-history":[{"count":1,"href":"https:\/\/www.egemtv.com\/index.php?rest_route=\/wp\/v2\/posts\/67883\/revisions"}],"predecessor-version":[{"id":67885,"href":"https:\/\/www.egemtv.com\/index.php?rest_route=\/wp\/v2\/posts\/67883\/revisions\/67885"}],"wp:featuredmedia":[{"embeddable":true,"href":"https:\/\/www.egemtv.com\/index.php?rest_route=\/wp\/v2\/media\/67884"}],"wp:attachment":[{"href":"https:\/\/www.egemtv.com\/index.php?rest_route=%2Fwp%2Fv2%2Fmedia&parent=67883"}],"wp:term":[{"taxonomy":"category","embeddable":true,"href":"https:\/\/www.egemtv.com\/index.php?rest_route=%2Fwp%2Fv2%2Fcategories&post=67883"},{"taxonomy":"post_tag","embeddable":true,"href":"https:\/\/www.egemtv.com\/index.php?rest_route=%2Fwp%2Fv2%2Ftags&post=67883"}],"curies":[{"name":"wp","href":"https:\/\/api.w.org\/{rel}","templated":true}]}}