{"id":67877,"date":"2025-11-14T17:14:51","date_gmt":"2025-11-14T14:14:51","guid":{"rendered":"https:\/\/www.egemtv.com\/?p=67877"},"modified":"2025-11-14T17:14:51","modified_gmt":"2025-11-14T14:14:51","slug":"kutahya-il-ozel-idaresinin-2026-yili-butce-gorusmeleri-devam-ediyor","status":"publish","type":"post","link":"https:\/\/www.egemtv.com\/?p=67877","title":{"rendered":"K\u00fctahya \u0130l \u00d6zel \u0130daresi\u2019nin 2026 y\u0131l\u0131 b\u00fct\u00e7e g\u00f6r\u00fc\u015fmeleri devam ediyor"},"content":{"rendered":"<p>K\u00fctahya \u0130l \u00d6zel \u0130daresinin 2026 y\u0131l\u0131 b\u00fct\u00e7esinin g\u00f6r\u00fc\u015f\u00fcld\u00fc\u011f\u00fc \u0130l Genel Meclisinin Kas\u0131m ay\u0131 oturumlar\u0131 \u0130l Genel Meclisi Ba\u015fkan\u0131 Muammer \u00d6zcura ba\u015fkanl\u0131\u011f\u0131nda devam ediyor.<br \/>\n<br \/>Devam eden oturumlarda, Emlak ve \u0130stimlak M\u00fcd\u00fcr\u00fc Harun Zeybek, Hisarc\u0131k \u0130l\u00e7e \u00d6zel \u0130dare M\u00fcd\u00fcr\u00fc Mehmet Demirba\u015f, \u0130nsan Kaynaklar\u0131 ve E\u011fitim M\u00fcd\u00fcr\u00fc Emeti Ertan, Gen\u00e7lik ve Spor \u0130l M\u00fcd\u00fcr\u00fc B\u00fclent K\u00fc\u00e7\u00fck, AFAD \u0130l M\u00fcd\u00fcr\u00fc \u0130smail \u00d6zkan, \u015eaphane \u0130l\u00e7e \u00d6zel \u0130dare M\u00fcd\u00fcr\u00fc Arif Sezen, Gediz \u0130l\u00e7e \u00d6zel \u0130dare M\u00fcd\u00fcr\u00fc Mevl\u00fct Erkul, Pazarlar \u0130l\u00e7e \u00d6zel \u0130dare M\u00fcd\u00fcrl\u00fc\u011f\u00fc, Aile ve Sosyal Hizmetler \u0130l M\u00fcd\u00fcr\u00fc \u00dclk\u00fc Uslu, Tar\u0131m ve Orman \u0130l M\u00fcd\u00fcr\u00fc Ertan Kele\u015f, Emet \u0130l\u00e7e \u00d6zel \u0130dare M\u00fcd\u00fcr\u00fc Adem Tuncel,  K\u00fclt\u00fcr ve Turizm M\u00fcd\u00fcr\u00fc Zekeriya \u00dcnal, yap\u0131lan \u00e7al\u0131\u015fmalar hakk\u0131nda Meclis \u00fcyelerine bilgiler verdiler.<br \/>\n<br \/>K\u00fctahya \u0130l \u00d6zel \u0130daresi 2026 y\u0131l\u0131 b\u00fct\u00e7e g\u00f6r\u00fc\u015fmeleri 24 Kas\u0131m 2025 tarihine kadar devam edecek.<br \/><\/p>\n","protected":false},"excerpt":{"rendered":"<p>K\u00fctahya \u0130l \u00d6zel \u0130daresinin 2026 y\u0131l\u0131 b\u00fct\u00e7esinin g\u00f6r\u00fc\u015f\u00fcld\u00fc\u011f\u00fc \u0130l Genel Meclisinin Kas\u0131m ay\u0131 oturumlar\u0131 \u0130l Genel Meclisi Ba\u015fkan\u0131 Muammer \u00d6zcura ba\u015fkanl\u0131\u011f\u0131nda devam ediyor. Devam eden oturumlarda, Emlak ve \u0130stimlak M\u00fcd\u00fcr\u00fc Harun Zeybek, Hisarc\u0131k \u0130l\u00e7e \u00d6zel \u0130dare M\u00fcd\u00fcr\u00fc Mehmet Demirba\u015f, \u0130nsan Kaynaklar\u0131 ve E\u011fitim M\u00fcd\u00fcr\u00fc Emeti Ertan, Gen\u00e7lik ve Spor \u0130l M\u00fcd\u00fcr\u00fc B\u00fclent K\u00fc\u00e7\u00fck, AFAD \u0130l&#8230;<\/p>\n","protected":false},"author":1,"featured_media":67878,"comment_status":"open","ping_status":"open","sticky":false,"template":"","format":"standard","meta":{"_crdt_document":"","footnotes":""},"categories":[123],"tags":[],"class_list":["post-67877","post","type-post","status-publish","format-standard","has-post-thumbnail","hentry","category-gundem"],"_links":{"self":[{"href":"https:\/\/www.egemtv.com\/index.php?rest_route=\/wp\/v2\/posts\/67877","targetHints":{"allow":["GET"]}}],"collection":[{"href":"https:\/\/www.egemtv.com\/index.php?rest_route=\/wp\/v2\/posts"}],"about":[{"href":"https:\/\/www.egemtv.com\/index.php?rest_route=\/wp\/v2\/types\/post"}],"author":[{"embeddable":true,"href":"https:\/\/www.egemtv.com\/index.php?rest_route=\/wp\/v2\/users\/1"}],"replies":[{"embeddable":true,"href":"https:\/\/www.egemtv.com\/index.php?rest_route=%2Fwp%2Fv2%2Fcomments&post=67877"}],"version-history":[{"count":1,"href":"https:\/\/www.egemtv.com\/index.php?rest_route=\/wp\/v2\/posts\/67877\/revisions"}],"predecessor-version":[{"id":67879,"href":"https:\/\/www.egemtv.com\/index.php?rest_route=\/wp\/v2\/posts\/67877\/revisions\/67879"}],"wp:featuredmedia":[{"embeddable":true,"href":"https:\/\/www.egemtv.com\/index.php?rest_route=\/wp\/v2\/media\/67878"}],"wp:attachment":[{"href":"https:\/\/www.egemtv.com\/index.php?rest_route=%2Fwp%2Fv2%2Fmedia&parent=67877"}],"wp:term":[{"taxonomy":"category","embeddable":true,"href":"https:\/\/www.egemtv.com\/index.php?rest_route=%2Fwp%2Fv2%2Fcategories&post=67877"},{"taxonomy":"post_tag","embeddable":true,"href":"https:\/\/www.egemtv.com\/index.php?rest_route=%2Fwp%2Fv2%2Ftags&post=67877"}],"curies":[{"name":"wp","href":"https:\/\/api.w.org\/{rel}","templated":true}]}}