{"id":67874,"date":"2025-11-14T17:14:50","date_gmt":"2025-11-14T14:14:50","guid":{"rendered":"https:\/\/www.egemtv.com\/?p=67874"},"modified":"2025-11-14T17:14:51","modified_gmt":"2025-11-14T14:14:51","slug":"kutahya-osbde-baglanti-yolu-degerlendirme-toplantisi","status":"publish","type":"post","link":"https:\/\/www.egemtv.com\/?p=67874","title":{"rendered":"K\u00fctahya OSB\u2019de ba\u011flant\u0131 yolu de\u011ferlendirme toplant\u0131s\u0131"},"content":{"rendered":"<p>Zafertepe Mahallesi ile K\u00fctahya Organize Sanayi B\u00f6lgesi aras\u0131nda her g\u00fcn y\u00fczlerce \u00e7al\u0131\u015fan, \u00f6\u011frenci ve a\u011f\u0131r tonajl\u0131 arac\u0131n kulland\u0131\u011f\u0131 ba\u011flant\u0131 yolundaki risklerin azalt\u0131lmas\u0131 ve g\u00fcvenli\u011fin art\u0131r\u0131lmas\u0131 amac\u0131yla \u00f6nemli bir de\u011ferlendirme toplant\u0131s\u0131 d\u00fczenlendi.<br \/>\n<br \/>Vali Yard\u0131mc\u0131s\u0131 S\u00fcleyman Oval\u0131 ba\u015fkanl\u0131\u011f\u0131nda K\u00fctahya OSB M\u00fcd\u00fcrl\u00fc\u011f\u00fc Toplant\u0131 Salonunda ger\u00e7ekle\u015ftirilen toplant\u0131ya; K\u00fctahya \u0130l Jandarma Komutanl\u0131\u011f\u0131 ve \u0130l Emniyet M\u00fcd\u00fcrl\u00fc\u011f\u00fc yetkilileri, K\u00fctahya Belediyesi temsilcileri, K\u00fctahya OSB B\u00f6lge M\u00fcd\u00fcr\u00fc Tunahan Ergin, Teknik B\u00f6lge M\u00fcd\u00fcr Yard\u0131mc\u0131s\u0131 Burak Tak\u0131l ve \u0130dari \u0130\u015fler \u015eefi Alican Yazgan kat\u0131ld\u0131.<br \/>\n<br \/>Toplant\u0131da, ba\u011flant\u0131 yolunda ya\u015fanan mevcut durum ve trafik g\u00fcvenli\u011fi konusu ele al\u0131n\u0131rken, ara\u00e7 ak\u0131\u015f\u0131n\u0131n d\u00fczenlenmesine y\u00f6nelik tedbirler ile alternatif g\u00fczerg\u00e2h se\u00e7enekleri detayl\u0131 bir \u015fekilde de\u011ferlendirildi.<br \/>\n<br \/>Toplant\u0131n\u0131n ard\u0131ndan heyet, b\u00f6lgede saha incelemesi yaparak ba\u011flant\u0131 yolundaki mevcut durumu yerinde g\u00f6zlemledi. Teknik ekipler ise alternatif g\u00fczerg\u00e2hlar ve uygulanabilir \u00e7\u00f6z\u00fcm \u00f6nerilerini heyete sunarak muhtemel iyile\u015ftirme ad\u0131mlar\u0131 hakk\u0131nda bilgi verdi.<br \/><\/p>\n","protected":false},"excerpt":{"rendered":"<p>Zafertepe Mahallesi ile K\u00fctahya Organize Sanayi B\u00f6lgesi aras\u0131nda her g\u00fcn y\u00fczlerce \u00e7al\u0131\u015fan, \u00f6\u011frenci ve a\u011f\u0131r tonajl\u0131 arac\u0131n kulland\u0131\u011f\u0131 ba\u011flant\u0131 yolundaki risklerin azalt\u0131lmas\u0131 ve g\u00fcvenli\u011fin art\u0131r\u0131lmas\u0131 amac\u0131yla \u00f6nemli bir de\u011ferlendirme toplant\u0131s\u0131 d\u00fczenlendi. Vali Yard\u0131mc\u0131s\u0131 S\u00fcleyman Oval\u0131 ba\u015fkanl\u0131\u011f\u0131nda K\u00fctahya OSB M\u00fcd\u00fcrl\u00fc\u011f\u00fc Toplant\u0131 Salonunda ger\u00e7ekle\u015ftirilen toplant\u0131ya; K\u00fctahya \u0130l Jandarma Komutanl\u0131\u011f\u0131 ve \u0130l Emniyet M\u00fcd\u00fcrl\u00fc\u011f\u00fc yetkilileri, K\u00fctahya Belediyesi temsilcileri,&#8230;<\/p>\n","protected":false},"author":1,"featured_media":67875,"comment_status":"open","ping_status":"open","sticky":false,"template":"","format":"standard","meta":{"_crdt_document":"","footnotes":""},"categories":[1],"tags":[],"class_list":["post-67874","post","type-post","status-publish","format-standard","has-post-thumbnail","hentry","category-guncel"],"_links":{"self":[{"href":"https:\/\/www.egemtv.com\/index.php?rest_route=\/wp\/v2\/posts\/67874","targetHints":{"allow":["GET"]}}],"collection":[{"href":"https:\/\/www.egemtv.com\/index.php?rest_route=\/wp\/v2\/posts"}],"about":[{"href":"https:\/\/www.egemtv.com\/index.php?rest_route=\/wp\/v2\/types\/post"}],"author":[{"embeddable":true,"href":"https:\/\/www.egemtv.com\/index.php?rest_route=\/wp\/v2\/users\/1"}],"replies":[{"embeddable":true,"href":"https:\/\/www.egemtv.com\/index.php?rest_route=%2Fwp%2Fv2%2Fcomments&post=67874"}],"version-history":[{"count":1,"href":"https:\/\/www.egemtv.com\/index.php?rest_route=\/wp\/v2\/posts\/67874\/revisions"}],"predecessor-version":[{"id":67876,"href":"https:\/\/www.egemtv.com\/index.php?rest_route=\/wp\/v2\/posts\/67874\/revisions\/67876"}],"wp:featuredmedia":[{"embeddable":true,"href":"https:\/\/www.egemtv.com\/index.php?rest_route=\/wp\/v2\/media\/67875"}],"wp:attachment":[{"href":"https:\/\/www.egemtv.com\/index.php?rest_route=%2Fwp%2Fv2%2Fmedia&parent=67874"}],"wp:term":[{"taxonomy":"category","embeddable":true,"href":"https:\/\/www.egemtv.com\/index.php?rest_route=%2Fwp%2Fv2%2Fcategories&post=67874"},{"taxonomy":"post_tag","embeddable":true,"href":"https:\/\/www.egemtv.com\/index.php?rest_route=%2Fwp%2Fv2%2Ftags&post=67874"}],"curies":[{"name":"wp","href":"https:\/\/api.w.org\/{rel}","templated":true}]}}